{"id":131565,"date":"2022-03-29T14:56:47","date_gmt":"2022-03-29T14:56:47","guid":{"rendered":"https:\/\/www.cdta.dz\/?p=131565"},"modified":"2022-04-06T11:20:29","modified_gmt":"2022-04-06T11:20:29","slug":"participation-of-the-cdta-in-the-first-edition-of-the-colloquium-the-levers-of-the-economic-development-of-algeria","status":"publish","type":"post","link":"https:\/\/www.cdta.dz\/en\/participation-of-the-cdta-in-the-first-edition-of-the-colloquium-the-levers-of-the-economic-development-of-algeria\/","title":{"rendered":"Participation of the CDTA in the first edition of the colloquium:  &#8220;The levers of the economic development of Algeria&#8221;."},"content":{"rendered":"<h4><strong><span style=\"vertical-align: inherit;\"><span style=\"vertical-align: inherit;\"><span style=\"vertical-align: inherit;\"><span style=\"vertical-align: inherit;\">Du 29 au 30 mars 2022<\/span><\/span><\/span><\/span><\/strong><\/h4>\n<h4><span style=\"vertical-align: inherit;\"><span style=\"vertical-align: inherit;\"><span style=\"vertical-align: inherit;\"><span style=\"vertical-align: inherit;\">L&#8217;ESC Business School, en partenariat avec l&#8217;Institut National d&#8217;Etudes Strat\u00e9giques Globales (INESG) organise la premi\u00e8re \u00e9dition de la conf\u00e9rence intitul\u00e9e : &#8220;Les leviers du d\u00e9veloppement \u00e9conomique de l&#8217;Alg\u00e9rie&#8221; les 29 <\/span><\/span><\/span><\/span><sup><span style=\"vertical-align: inherit;\"><span style=\"vertical-align: inherit;\"><span style=\"vertical-align: inherit;\"><span style=\"vertical-align: inherit;\">et<\/span><\/span><\/span><\/span><\/sup><span style=\"vertical-align: inherit;\"><span style=\"vertical-align: inherit;\"><span style=\"vertical-align: inherit;\"><span style=\"vertical-align: inherit;\"> \u00a030 mars <\/span><\/span><\/span><\/span><sup><span style=\"vertical-align: inherit;\"><span style=\"vertical-align: inherit;\"><span style=\"vertical-align: inherit;\"><span style=\"vertical-align: inherit;\">2022<\/span><\/span><\/span><\/span><\/sup><span style=\"vertical-align: inherit;\"><span style=\"vertical-align: inherit;\"><span style=\"vertical-align: inherit;\"><span style=\"vertical-align: inherit;\"> .<\/span><\/span><\/span><\/span><\/h4>\n<h4><span style=\"vertical-align: inherit;\"><span style=\"vertical-align: inherit;\"><span style=\"vertical-align: inherit;\"><span style=\"vertical-align: inherit;\">Cette \u00e9dition est soutenue, dans sa dimension scientifique et organisationnelle, par le laboratoire MAGIPO de l&#8217;ESC Business School.<\/span><\/span><\/span><\/span><\/h4>\n<h4><span style=\"vertical-align: inherit;\"><span style=\"vertical-align: inherit;\"><span style=\"vertical-align: inherit;\"><span style=\"vertical-align: inherit;\">Apr\u00e8s l&#8217;ouverture, le discours du Directeur de l&#8217;ESC, M. Kamel BOUSSAFI, et celui du repr\u00e9sentant de l&#8217;INESG repr\u00e9sent\u00e9 par M. Mahfoudh DARHOUM, un riche programme d&#8217;ateliers et de conf\u00e9rences a \u00e9t\u00e9 annonc\u00e9 par les organisateurs.<\/span><\/span><\/span><\/span><\/h4>\n<h4><span style=\"vertical-align: inherit;\"><span style=\"vertical-align: inherit;\"><span style=\"vertical-align: inherit;\"><span style=\"vertical-align: inherit;\">Le CDTA a particip\u00e9 aux diff\u00e9rentes interventions ; <\/span><\/span><\/span><span style=\"vertical-align: inherit;\"><span style=\"vertical-align: inherit;\"><span style=\"vertical-align: inherit;\">une pr\u00e9sentation est anim\u00e9e par Mme Sabrina TITRI, intitul\u00e9e :<\/span><\/span><\/span><\/span><\/h4>\n<h4><span style=\"vertical-align: inherit;\"><span style=\"vertical-align: inherit;\"><span style=\"vertical-align: inherit;\"><span style=\"vertical-align: inherit;\">\u00ab Retour d&#8217;exp\u00e9rience du CDTA en mati\u00e8re d&#8217;encrage et de diffusion des nouvelles technologies \u00bb<\/span><\/span><\/span><\/span><\/h4>\n<h4><span style=\"vertical-align: inherit;\"><span style=\"vertical-align: inherit;\"><span style=\"vertical-align: inherit;\"><span style=\"vertical-align: inherit;\">Le CDTA a \u00e9galement marqu\u00e9 sa pr\u00e9sence via ses p\u00f4les de recherche et ses plateformes technologiques en exposant plusieurs de leurs projets sur un stand vivant et r\u00e9actif.<\/span><\/span><\/span><\/span><\/h4>\n<h4><strong><span style=\"vertical-align: inherit;\"><span style=\"vertical-align: inherit;\"><span style=\"vertical-align: inherit;\"><span style=\"vertical-align: inherit;\">Division Production et Robotique :<\/span><\/span><\/span><\/span><\/strong><\/h4>\n<h4><span style=\"vertical-align: inherit;\"><span style=\"vertical-align: inherit;\"><span style=\"vertical-align: inherit;\"><span style=\"vertical-align: inherit;\">&#8211; Contr\u00f4le avanc\u00e9 des syst\u00e8mes robotiques.<\/span><\/span><\/span><\/span><\/h4>\n<h4><span style=\"vertical-align: inherit;\"><span style=\"vertical-align: inherit;\"><span style=\"vertical-align: inherit;\"><span style=\"vertical-align: inherit;\">&#8211; Compteur de gaz intelligent.<\/span><\/span><\/span><\/span><\/h4>\n<h4><span style=\"vertical-align: inherit;\"><span style=\"vertical-align: inherit;\"><span style=\"vertical-align: inherit;\"><span style=\"vertical-align: inherit;\">&#8211; R\u00e9habilitation par VR<\/span><\/span><\/span><\/span><\/h4>\n<h4><span style=\"vertical-align: inherit;\"><span style=\"vertical-align: inherit;\"><span style=\"vertical-align: inherit;\"><span style=\"vertical-align: inherit;\">&#8211; Fauteuil roulant intelligent.<\/span><\/span><\/span><\/span><\/h4>\n<h4><span style=\"vertical-align: inherit;\"><span style=\"vertical-align: inherit;\"><span style=\"vertical-align: inherit;\"><span style=\"vertical-align: inherit;\">&#8211; Drone de surface pour la bathym\u00e9trie.<\/span><\/span><\/span><\/span><\/h4>\n<h4><strong><span style=\"vertical-align: inherit;\"><span style=\"vertical-align: inherit;\"><span style=\"vertical-align: inherit;\"><span style=\"vertical-align: inherit;\">P\u00f4le t\u00e9l\u00e9com :<\/span><\/span><\/span><\/span><\/strong><\/h4>\n<h4><span style=\"vertical-align: inherit;\"><span style=\"vertical-align: inherit;\"><span style=\"vertical-align: inherit;\"><span style=\"vertical-align: inherit;\">&#8211; Syst\u00e8me de promotion des investissements dans l&#8217;aquaculture marine \u00e0 l&#8217;\u00e9chelle nationale.<\/span><\/span><\/span><\/span><\/h4>\n<h4><span style=\"vertical-align: inherit;\"><span style=\"vertical-align: inherit;\"><span style=\"vertical-align: inherit;\"><span style=\"vertical-align: inherit;\">&#8211; Syst\u00e8me de gestion des investissements dans le domaine des forages hydrauliques dans la wilaya de Ouargla.<\/span><\/span><\/span><\/span><\/h4>\n<h4><span style=\"vertical-align: inherit;\"><span style=\"vertical-align: inherit;\"><span style=\"vertical-align: inherit;\"><span style=\"vertical-align: inherit;\">&#8211; Syst\u00e8me de gestion des d\u00e9chets (IBIN).<\/span><\/span><\/span><\/span><\/h4>\n<h4><span style=\"vertical-align: inherit;\"><span style=\"vertical-align: inherit;\"><span style=\"vertical-align: inherit;\"><span style=\"vertical-align: inherit;\">&#8211; Nouvelles technologies de radiocommunication.<\/span><\/span><\/span><\/span><\/h4>\n<h4><span style=\"vertical-align: inherit;\"><span style=\"vertical-align: inherit;\"><span style=\"vertical-align: inherit;\"><span style=\"vertical-align: inherit;\">&#8211; Conception et d\u00e9veloppement d&#8217;appareils de mesure et de contr\u00f4le de la vitesse des v\u00e9hicules.<\/span><\/span><\/span><\/span><\/h4>\n<h4><strong><span style=\"vertical-align: inherit;\"><span style=\"vertical-align: inherit;\"><span style=\"vertical-align: inherit;\"><span style=\"vertical-align: inherit;\">Division M\u00e9dias Ionis\u00e9s et Lasers :<\/span><\/span><\/span><\/span><\/strong><\/h4>\n<h4><span style=\"vertical-align: inherit;\"><span style=\"vertical-align: inherit;\"><span style=\"vertical-align: inherit;\"><span style=\"vertical-align: inherit;\">&#8211; Conception et r\u00e9alisation d&#8217;un dispositif de fabrication additif par fusion laser s\u00e9lective sur lit de poudre.<\/span><\/span><\/span><\/span><\/h4>\n<h4><span style=\"vertical-align: inherit;\"><span style=\"vertical-align: inherit;\"><span style=\"vertical-align: inherit;\"><span style=\"vertical-align: inherit;\">&#8211; Conception et r\u00e9alisation d&#8217;un dispositif scanner Galv-xy par guidage de faisceaux laser.<\/span><\/span><\/span><\/span><\/h4>\n<h4><\/h4>\n<h4><strong><span style=\"vertical-align: inherit;\"><span style=\"vertical-align: inherit;\"><span style=\"vertical-align: inherit;\"><span style=\"vertical-align: inherit;\">Division Micro\u00e9lectronique et Nanotechnologies :<\/span><\/span><\/span><\/span><\/strong><\/h4>\n<h4><span style=\"vertical-align: inherit;\"><span style=\"vertical-align: inherit;\"><span style=\"vertical-align: inherit;\"><span style=\"vertical-align: inherit;\">&#8211; N\u0153ud capteur de intelligent reprogrammable intelligent (NCIR).<\/span><\/span><\/span><\/span><\/h4>\n<h4><span style=\"vertical-align: inherit;\"><span style=\"vertical-align: inherit;\"><span style=\"vertical-align: inherit;\"><span style=\"vertical-align: inherit;\">Le d\u00e9partement DDSTSIA \u00e9tait \u00e9galement pr\u00e9sent \u00e0 travers son projet, \u00e0 savoir : la cartographie nationale des cas de COVID en Alg\u00e9rie.<\/span><\/span><\/span><\/span><\/h4>\n","protected":false},"excerpt":{"rendered":"<p>Du 29 au 30 mars 2022 L&#8217;ESC Business School, en partenariat avec l&#8217;Institut National d&#8217;Etudes Strat\u00e9giques Globales (INESG) organise la premi\u00e8re \u00e9dition de la conf\u00e9rence intitul\u00e9e : &#8220;Les leviers du d\u00e9veloppement \u00e9conomique de l&#8217;Alg\u00e9rie&#8221; les 29 et \u00a030 mars 2022 . Cette \u00e9dition est soutenue, dans sa dimension scientifique et organisationnelle, par le laboratoire MAGIPO [&hellip;]<\/p>\n","protected":false},"author":46,"featured_media":0,"comment_status":"closed","ping_status":"open","sticky":false,"template":"","format":"gallery","meta":{"footnotes":""},"categories":[],"tags":[],"class_list":["post-131565","post","type-post","status-publish","format-gallery","hentry","post_format-post-format-gallery"],"_links":{"self":[{"href":"https:\/\/www.cdta.dz\/en\/wp-json\/wp\/v2\/posts\/131565\/"}],"collection":[{"href":"https:\/\/www.cdta.dz\/en\/wp-json\/wp\/v2\/posts\/"}],"about":[{"href":"https:\/\/www.cdta.dz\/en\/wp-json\/wp\/v2\/types\/post\/"}],"author":[{"embeddable":true,"href":"https:\/\/www.cdta.dz\/en\/wp-json\/wp\/v2\/users\/46\/"}],"replies":[{"embeddable":true,"href":"https:\/\/www.cdta.dz\/en\/wp-json\/wp\/v2\/comments\/?post=131565"}],"version-history":[{"count":5,"href":"https:\/\/www.cdta.dz\/en\/wp-json\/wp\/v2\/posts\/131565\/revisions\/"}],"predecessor-version":[{"id":131881,"href":"https:\/\/www.cdta.dz\/en\/wp-json\/wp\/v2\/posts\/131565\/revisions\/131881\/"}],"wp:attachment":[{"href":"https:\/\/www.cdta.dz\/en\/wp-json\/wp\/v2\/media\/?parent=131565"}],"wp:term":[{"taxonomy":"category","embeddable":true,"href":"https:\/\/www.cdta.dz\/en\/wp-json\/wp\/v2\/categories\/?post=131565"},{"taxonomy":"post_tag","embeddable":true,"href":"https:\/\/www.cdta.dz\/en\/wp-json\/wp\/v2\/tags\/?post=131565"}],"curies":[{"name":"wp","href":"https:\/\/api.w.org\/{rel}","templated":true}]}}