{"id":168623,"date":"2023-05-03T08:07:06","date_gmt":"2023-05-03T08:07:06","guid":{"rendered":"https:\/\/www.cdta.dz\/?p=168623"},"modified":"2023-05-04T13:25:24","modified_gmt":"2023-05-04T13:25:24","slug":"semaine-nationale-dinformation-et-portes-ouvertes-sur-lorientation-scolaire","status":"publish","type":"post","link":"https:\/\/www.cdta.dz\/en\/semaine-nationale-dinformation-et-portes-ouvertes-sur-lorientation-scolaire\/","title":{"rendered":"Semaine nationale d\u2019information et portes ouvertes sur l\u2019orientation scolaire"},"content":{"rendered":"<p>Le CDTA a particip\u00e9, la matin\u00e9e du 02 mai 2023 au palais de la culture \u00ab\u00a0Moufdi Zakaria\u00a0\u00bb, \u00e0 l\u2019inauguration de la semaine nationale d\u2019information et des portes ouvertes sur l\u2019orientation scolaire organis\u00e9, chaque ann\u00e9e, par le Minist\u00e8re de l\u2019Education Nationale. Cet \u00e9v\u00e9nement s\u2019est tenu en pr\u00e9sence du Ministre de la Formation et de l\u2019Enseignement Professionnel et du Ministre de la Communication avec la participation de Directeurs de centres d\u2019orientation scolaire et professionnelle, de conseillers d\u2019orientation scolaire et professionnelle ainsi que de repr\u00e9sentants du Minist\u00e8re de l\u2019Enseignement Sup\u00e9rieur et de la Recherche Scientifique.<\/p>\n","protected":false},"excerpt":{"rendered":"<p>Le CDTA a particip\u00e9, la matin\u00e9e du 02 mai 2023 au palais de la culture \u00ab\u00a0Moufdi Zakaria\u00a0\u00bb, \u00e0 l\u2019inauguration de la semaine nationale d\u2019information et des portes ouvertes sur l\u2019orientation scolaire organis\u00e9, chaque ann\u00e9e, par le Minist\u00e8re de l\u2019Education Nationale. Cet \u00e9v\u00e9nement s\u2019est tenu en pr\u00e9sence du Ministre de la Formation et de l\u2019Enseignement Professionnel [&hellip;]<\/p>\n","protected":false},"author":75,"featured_media":0,"comment_status":"closed","ping_status":"open","sticky":false,"template":"","format":"gallery","meta":{"footnotes":""},"categories":[],"tags":[],"class_list":["post-168623","post","type-post","status-publish","format-gallery","hentry","post_format-post-format-gallery"],"_links":{"self":[{"href":"https:\/\/www.cdta.dz\/en\/wp-json\/wp\/v2\/posts\/168623\/"}],"collection":[{"href":"https:\/\/www.cdta.dz\/en\/wp-json\/wp\/v2\/posts\/"}],"about":[{"href":"https:\/\/www.cdta.dz\/en\/wp-json\/wp\/v2\/types\/post\/"}],"author":[{"embeddable":true,"href":"https:\/\/www.cdta.dz\/en\/wp-json\/wp\/v2\/users\/75\/"}],"replies":[{"embeddable":true,"href":"https:\/\/www.cdta.dz\/en\/wp-json\/wp\/v2\/comments\/?post=168623"}],"version-history":[{"count":1,"href":"https:\/\/www.cdta.dz\/en\/wp-json\/wp\/v2\/posts\/168623\/revisions\/"}],"predecessor-version":[{"id":168666,"href":"https:\/\/www.cdta.dz\/en\/wp-json\/wp\/v2\/posts\/168623\/revisions\/168666\/"}],"wp:attachment":[{"href":"https:\/\/www.cdta.dz\/en\/wp-json\/wp\/v2\/media\/?parent=168623"}],"wp:term":[{"taxonomy":"category","embeddable":true,"href":"https:\/\/www.cdta.dz\/en\/wp-json\/wp\/v2\/categories\/?post=168623"},{"taxonomy":"post_tag","embeddable":true,"href":"https:\/\/www.cdta.dz\/en\/wp-json\/wp\/v2\/tags\/?post=168623"}],"curies":[{"name":"wp","href":"https:\/\/api.w.org\/{rel}","templated":true}]}}