{"id":193310,"date":"2023-11-27T15:14:31","date_gmt":"2023-11-27T15:14:31","guid":{"rendered":"https:\/\/www.cdta.dz\/?p=193310"},"modified":"2023-12-04T13:30:25","modified_gmt":"2023-12-04T13:30:25","slug":"journee-internationale-des-personnes-handicapees-3-decembre","status":"publish","type":"post","link":"https:\/\/www.cdta.dz\/en\/journee-internationale-des-personnes-handicapees-3-decembre\/","title":{"rendered":"Journ\u00e9e internationale des personnes handicap\u00e9es"},"content":{"rendered":"<p>A l\u2019occasion de la journ\u00e9e internationale des personnes handicap\u00e9es, correspondant au 03 d\u00e9cembre, je pr\u00e9sente mes meilleurs v\u0153ux au personnel aux besoins sp\u00e9cifiques.<\/p>\n<p>Je t\u00e9moigne de mon profond respect et ma reconnaissance du m\u00e9rite de nos fr\u00e8res et s\u0153urs faisant partie de cette cat\u00e9gorie ainsi qu\u2019aux parents d\u2019enfants aux besoins sp\u00e9cifiques, qui continuent \u00e0 honorer au mieux leurs obligations professionnelles.<\/p>\n<p>Je reste attentif \u00e0 leurs pr\u00e9occupations.<\/p>\n<p><strong>Le Directeur du CDTA<\/strong><\/p>\n","protected":false},"excerpt":{"rendered":"<p>A l\u2019occasion de la journ\u00e9e internationale des personnes handicap\u00e9es, correspondant au 03 d\u00e9cembre, je pr\u00e9sente mes meilleurs v\u0153ux au personnel aux besoins sp\u00e9cifiques. Je t\u00e9moigne de mon profond respect et ma reconnaissance du m\u00e9rite de nos fr\u00e8res et s\u0153urs faisant partie de cette cat\u00e9gorie ainsi qu\u2019aux parents d\u2019enfants aux besoins sp\u00e9cifiques, qui continuent \u00e0 honorer [&hellip;]<\/p>\n","protected":false},"author":48,"featured_media":0,"comment_status":"closed","ping_status":"closed","sticky":false,"template":"","format":"gallery","meta":{"footnotes":""},"categories":[],"tags":[],"class_list":["post-193310","post","type-post","status-publish","format-gallery","hentry","post_format-post-format-gallery"],"_links":{"self":[{"href":"https:\/\/www.cdta.dz\/en\/wp-json\/wp\/v2\/posts\/193310\/"}],"collection":[{"href":"https:\/\/www.cdta.dz\/en\/wp-json\/wp\/v2\/posts\/"}],"about":[{"href":"https:\/\/www.cdta.dz\/en\/wp-json\/wp\/v2\/types\/post\/"}],"author":[{"embeddable":true,"href":"https:\/\/www.cdta.dz\/en\/wp-json\/wp\/v2\/users\/48\/"}],"replies":[{"embeddable":true,"href":"https:\/\/www.cdta.dz\/en\/wp-json\/wp\/v2\/comments\/?post=193310"}],"version-history":[{"count":3,"href":"https:\/\/www.cdta.dz\/en\/wp-json\/wp\/v2\/posts\/193310\/revisions\/"}],"predecessor-version":[{"id":193343,"href":"https:\/\/www.cdta.dz\/en\/wp-json\/wp\/v2\/posts\/193310\/revisions\/193343\/"}],"wp:attachment":[{"href":"https:\/\/www.cdta.dz\/en\/wp-json\/wp\/v2\/media\/?parent=193310"}],"wp:term":[{"taxonomy":"category","embeddable":true,"href":"https:\/\/www.cdta.dz\/en\/wp-json\/wp\/v2\/categories\/?post=193310"},{"taxonomy":"post_tag","embeddable":true,"href":"https:\/\/www.cdta.dz\/en\/wp-json\/wp\/v2\/tags\/?post=193310"}],"curies":[{"name":"wp","href":"https:\/\/api.w.org\/{rel}","templated":true}]}}