{"id":198778,"date":"2024-06-03T14:57:57","date_gmt":"2024-06-03T14:57:57","guid":{"rendered":"https:\/\/www.cdta.dz\/?p=198778"},"modified":"2024-06-03T15:16:47","modified_gmt":"2024-06-03T15:16:47","slug":"participation-du-cdta-au-salon-des-produits-de-la-recherche-du-developpement-et-de-linnovation-les-02-et-03-juin-2024-a-la-faculte-des-sciences-de-linformation-et-de-la-communicat","status":"publish","type":"post","link":"https:\/\/www.cdta.dz\/en\/participation-du-cdta-au-salon-des-produits-de-la-recherche-du-developpement-et-de-linnovation-les-02-et-03-juin-2024-a-la-faculte-des-sciences-de-linformation-et-de-la-communicat\/","title":{"rendered":"Participation du CDTA au salon des produits de la recherche, du D\u00e9veloppement et de l\u2019Innovation, les 02 et 03 juin 2024, \u00e0 la Facult\u00e9 des Sciences de l\u2019Information et de la Communication, Universit\u00e9 Alger 3."},"content":{"rendered":"<p>Le CDTA a particip\u00e9 au salon des produits de la recherche, du D\u00e9veloppement et de l\u2019Innovation, les 02 et 03 juin 2024, \u00e0 la Facult\u00e9 des Sciences de l\u2019Information et de la Communication, Universit\u00e9 Alger 3.<\/p>\n<p>Lors de la premi\u00e8re journ\u00e9e, le Secr\u00e9taire G\u00e9n\u00e9ral du MESRS \u00e9tait pr\u00e9sent et les stands pr\u00e9vus \u00e0 l\u2019exposition \u00e9taient ouverts au public.<\/p>\n<p>Lors de la deuxi\u00e8me journ\u00e9e, le Recteur de l&#8217;Universit\u00e9 Alger 3 a fait son allocution de bienvenue.<\/p>\n<p>Apr\u00e8s une lecture de versets Coraniques et de l\u2019hymne national, le Ministre de l\u2019Enseignement Sup\u00e9rieur et de la Recherche Scientifique a fait son allocution, suivie de l\u2019allocution du Ministre des Startups et de l\u2019Economie de la Connaissance.<\/p>\n<p>La c\u00e9r\u00e9monie s\u2019est cl\u00f4tur\u00e9e par une distribution des prix et la visite des stands.<\/p>\n<p>&nbsp;<\/p>\n<p>&nbsp;<\/p>\n","protected":false},"excerpt":{"rendered":"<p>Le CDTA a particip\u00e9 au salon des produits de la recherche, du D\u00e9veloppement et de l\u2019Innovation, les 02 et 03 juin 2024, \u00e0 la Facult\u00e9 des Sciences de l\u2019Information et de la Communication, Universit\u00e9 Alger 3. Lors de la premi\u00e8re journ\u00e9e, le Secr\u00e9taire G\u00e9n\u00e9ral du MESRS \u00e9tait pr\u00e9sent et les stands pr\u00e9vus \u00e0 l\u2019exposition \u00e9taient [&hellip;]<\/p>\n","protected":false},"author":48,"featured_media":0,"comment_status":"closed","ping_status":"closed","sticky":false,"template":"","format":"gallery","meta":{"footnotes":""},"categories":[],"tags":[],"class_list":["post-198778","post","type-post","status-publish","format-gallery","hentry","post_format-post-format-gallery"],"_links":{"self":[{"href":"https:\/\/www.cdta.dz\/en\/wp-json\/wp\/v2\/posts\/198778\/"}],"collection":[{"href":"https:\/\/www.cdta.dz\/en\/wp-json\/wp\/v2\/posts\/"}],"about":[{"href":"https:\/\/www.cdta.dz\/en\/wp-json\/wp\/v2\/types\/post\/"}],"author":[{"embeddable":true,"href":"https:\/\/www.cdta.dz\/en\/wp-json\/wp\/v2\/users\/48\/"}],"replies":[{"embeddable":true,"href":"https:\/\/www.cdta.dz\/en\/wp-json\/wp\/v2\/comments\/?post=198778"}],"version-history":[{"count":1,"href":"https:\/\/www.cdta.dz\/en\/wp-json\/wp\/v2\/posts\/198778\/revisions\/"}],"predecessor-version":[{"id":198791,"href":"https:\/\/www.cdta.dz\/en\/wp-json\/wp\/v2\/posts\/198778\/revisions\/198791\/"}],"wp:attachment":[{"href":"https:\/\/www.cdta.dz\/en\/wp-json\/wp\/v2\/media\/?parent=198778"}],"wp:term":[{"taxonomy":"category","embeddable":true,"href":"https:\/\/www.cdta.dz\/en\/wp-json\/wp\/v2\/categories\/?post=198778"},{"taxonomy":"post_tag","embeddable":true,"href":"https:\/\/www.cdta.dz\/en\/wp-json\/wp\/v2\/tags\/?post=198778"}],"curies":[{"name":"wp","href":"https:\/\/api.w.org\/{rel}","templated":true}]}}