{"id":205468,"date":"2025-02-18T14:02:45","date_gmt":"2025-02-18T14:02:45","guid":{"rendered":"https:\/\/www.cdta.dz\/?p=205468"},"modified":"2025-02-18T14:02:45","modified_gmt":"2025-02-18T14:02:45","slug":"journee-nationale-du-chahid-18-fevrier","status":"publish","type":"post","link":"https:\/\/www.cdta.dz\/en\/journee-nationale-du-chahid-18-fevrier\/","title":{"rendered":"JOURN\u00c9E NATIONALE DU CHAHID, 18 F\u00c9VRIER"},"content":{"rendered":"<p><img loading=\"lazy\" decoding=\"async\" class=\" wp-image-205469 aligncenter\" src=\"https:\/\/www.cdta.dz\/wp-content\/uploads\/2025\/02\/18-fevrier-fr-300x150.jpg\" alt=\"\" width=\"722\" height=\"361\" srcset=\"https:\/\/www.cdta.dz\/wp-content\/uploads\/2025\/02\/18-fevrier-fr-300x150.jpg 300w, https:\/\/www.cdta.dz\/wp-content\/uploads\/2025\/02\/18-fevrier-fr.jpg 700w\" sizes=\"auto, (max-width: 722px) 100vw, 722px\" \/><\/p>\n<p>&nbsp;<\/p>\n<p>En cette Journ\u00e9e Nationale du Chahid, le Directeur ainsi que le personnel du CDTA rendent hommage \u00e0 celles et ceux qui ont consenti le sacrifice ultime pour la libert\u00e9 et l\u2019ind\u00e9pendance de notre nation. Le 18 f\u00e9vrier est bien plus qu&#8217;une date symbolique, c\u2019est un moment de reconnaissance envers nos martyrs et de recueillement, dont le courage et la d\u00e9termination.<\/p>\n<p>Leur courage, leur d\u00e9termination et leur sacrifice demeurent \u00e0 jamais grav\u00e9s dans nos m\u00e9moires et continuent d\u2019inspirer notre engagement au quotidien, leurs actions ont trac\u00e9 le chemin vers la libert\u00e9 et l&#8217;ind\u00e9pendance de notre nation.<\/p>\n<p>Ensemble, continuons \u00e0 avancer avec le m\u00eame esprit de d\u00e9termination et de respect des valeurs qui ont fa\u00e7onn\u00e9 notre histoire.<\/p>\n<p>Avec mes meilleurs v\u0153ux pour cette journ\u00e9e du Chahid.<\/p>\n<p>&nbsp;<\/p>\n<p><strong>\u00a0 \u00a0 \u00a0 \u00a0 \u00a0 \u00a0 \u00a0 \u00a0 \u00a0 \u00a0 \u00a0 \u00a0 \u00a0 \u00a0 \u00a0 \u00a0 \u00a0 \u00a0 \u00a0 \u00a0 \u00a0 \u00a0 \u00a0 \u00a0 \u00a0 \u00a0 \u00a0 \u00a0 Le Directeur du CDTA<\/strong><\/p>\n<p><strong>\u00a0 \u00a0 \u00a0 \u00a0 \u00a0 \u00a0 \u00a0 \u00a0 \u00a0 \u00a0 \u00a0 \u00a0 \u00a0 \u00a0 \u00a0 \u00a0 \u00a0 \u00a0 \u00a0 \u00a0 \u00a0 \u00a0 \u00a0 \u00a0 \u00a0 \u00a0 \u00a0 Dr. Mohammed TRAICHE<\/strong><\/p>\n<p><strong>\u00a0<\/strong><\/p>\n","protected":false},"excerpt":{"rendered":"<p>&nbsp; En cette Journ\u00e9e Nationale du Chahid, le Directeur ainsi que le personnel du CDTA rendent hommage \u00e0 celles et ceux qui ont consenti le sacrifice ultime pour la libert\u00e9 et l\u2019ind\u00e9pendance de notre nation. Le 18 f\u00e9vrier est bien plus qu&#8217;une date symbolique, c\u2019est un moment de reconnaissance envers nos martyrs et de recueillement, [&hellip;]<\/p>\n","protected":false},"author":48,"featured_media":0,"comment_status":"closed","ping_status":"closed","sticky":false,"template":"","format":"standard","meta":{"footnotes":""},"categories":[1],"tags":[],"class_list":["post-205468","post","type-post","status-publish","format-standard","hentry","category-non-classe"],"_links":{"self":[{"href":"https:\/\/www.cdta.dz\/en\/wp-json\/wp\/v2\/posts\/205468\/"}],"collection":[{"href":"https:\/\/www.cdta.dz\/en\/wp-json\/wp\/v2\/posts\/"}],"about":[{"href":"https:\/\/www.cdta.dz\/en\/wp-json\/wp\/v2\/types\/post\/"}],"author":[{"embeddable":true,"href":"https:\/\/www.cdta.dz\/en\/wp-json\/wp\/v2\/users\/48\/"}],"replies":[{"embeddable":true,"href":"https:\/\/www.cdta.dz\/en\/wp-json\/wp\/v2\/comments\/?post=205468"}],"version-history":[{"count":1,"href":"https:\/\/www.cdta.dz\/en\/wp-json\/wp\/v2\/posts\/205468\/revisions\/"}],"predecessor-version":[{"id":205472,"href":"https:\/\/www.cdta.dz\/en\/wp-json\/wp\/v2\/posts\/205468\/revisions\/205472\/"}],"wp:attachment":[{"href":"https:\/\/www.cdta.dz\/en\/wp-json\/wp\/v2\/media\/?parent=205468"}],"wp:term":[{"taxonomy":"category","embeddable":true,"href":"https:\/\/www.cdta.dz\/en\/wp-json\/wp\/v2\/categories\/?post=205468"},{"taxonomy":"post_tag","embeddable":true,"href":"https:\/\/www.cdta.dz\/en\/wp-json\/wp\/v2\/tags\/?post=205468"}],"curies":[{"name":"wp","href":"https:\/\/api.w.org\/{rel}","templated":true}]}}