{"id":205970,"date":"2025-03-06T11:56:56","date_gmt":"2025-03-06T11:56:56","guid":{"rendered":"https:\/\/www.cdta.dz\/?p=205970"},"modified":"2025-03-06T11:56:56","modified_gmt":"2025-03-06T11:56:56","slug":"journee-internationale-de-la-femme-8-mars","status":"publish","type":"post","link":"https:\/\/www.cdta.dz\/en\/journee-internationale-de-la-femme-8-mars\/","title":{"rendered":"Journ\u00e9e Internationale de la femme, 8 mars"},"content":{"rendered":"<p><img loading=\"lazy\" decoding=\"async\" class=\"alignnone  wp-image-205971 aligncenter\" src=\"https:\/\/www.cdta.dz\/wp-content\/uploads\/2025\/03\/8mars-300x150.jpg\" alt=\"\" width=\"570\" height=\"285\" srcset=\"https:\/\/www.cdta.dz\/wp-content\/uploads\/2025\/03\/8mars-300x150.jpg 300w, https:\/\/www.cdta.dz\/wp-content\/uploads\/2025\/03\/8mars.jpg 700w\" sizes=\"auto, (max-width: 570px) 100vw, 570px\" \/><\/p>\n<p>&nbsp;<\/p>\n<p>A l\u2019occasion du 8 mars, Journ\u00e9e Internationale de la femme, je tiens \u00e0 adresser \u00e0 toutes les femmes du CDTA, en mon nom et au nom de toute la Direction, mes v\u0153ux les plus sinc\u00e8res.<\/p>\n<p>Votre engagement, votre professionnalisme et votre d\u00e9termination contribuent chaque jour \u00e0 la r\u00e9ussite du CDTA. Vous \u00eates une source d\u2019inspiration et de dynamisme et nous sommes fiers de vous compter parmi nous.<\/p>\n<p>Que cette journ\u00e9e soit l\u2019occasion de c\u00e9l\u00e9brer vos r\u00e9ussites et votre r\u00f4le essentiel dans notre Centre et dans la soci\u00e9t\u00e9.<\/p>\n<p>Merci pour votre pr\u00e9cieuse contribution et tr\u00e8s belle journ\u00e9e du 8 mars \u00e0 vous toutes !<\/p>\n<p>&nbsp;<\/p>\n<p><strong>Le Directeur du Centre <\/strong><\/p>\n<p><strong>Dr. Mohammed TRAICHE<\/strong><\/p>\n<p>&nbsp;<\/p>\n","protected":false},"excerpt":{"rendered":"<p>&nbsp; A l\u2019occasion du 8 mars, Journ\u00e9e Internationale de la femme, je tiens \u00e0 adresser \u00e0 toutes les femmes du CDTA, en mon nom et au nom de toute la Direction, mes v\u0153ux les plus sinc\u00e8res. Votre engagement, votre professionnalisme et votre d\u00e9termination contribuent chaque jour \u00e0 la r\u00e9ussite du CDTA. Vous \u00eates une source [&hellip;]<\/p>\n","protected":false},"author":48,"featured_media":0,"comment_status":"closed","ping_status":"closed","sticky":false,"template":"","format":"standard","meta":{"footnotes":""},"categories":[],"tags":[],"class_list":["post-205970","post","type-post","status-publish","format-standard","hentry"],"_links":{"self":[{"href":"https:\/\/www.cdta.dz\/en\/wp-json\/wp\/v2\/posts\/205970\/"}],"collection":[{"href":"https:\/\/www.cdta.dz\/en\/wp-json\/wp\/v2\/posts\/"}],"about":[{"href":"https:\/\/www.cdta.dz\/en\/wp-json\/wp\/v2\/types\/post\/"}],"author":[{"embeddable":true,"href":"https:\/\/www.cdta.dz\/en\/wp-json\/wp\/v2\/users\/48\/"}],"replies":[{"embeddable":true,"href":"https:\/\/www.cdta.dz\/en\/wp-json\/wp\/v2\/comments\/?post=205970"}],"version-history":[{"count":3,"href":"https:\/\/www.cdta.dz\/en\/wp-json\/wp\/v2\/posts\/205970\/revisions\/"}],"predecessor-version":[{"id":205984,"href":"https:\/\/www.cdta.dz\/en\/wp-json\/wp\/v2\/posts\/205970\/revisions\/205984\/"}],"wp:attachment":[{"href":"https:\/\/www.cdta.dz\/en\/wp-json\/wp\/v2\/media\/?parent=205970"}],"wp:term":[{"taxonomy":"category","embeddable":true,"href":"https:\/\/www.cdta.dz\/en\/wp-json\/wp\/v2\/categories\/?post=205970"},{"taxonomy":"post_tag","embeddable":true,"href":"https:\/\/www.cdta.dz\/en\/wp-json\/wp\/v2\/tags\/?post=205970"}],"curies":[{"name":"wp","href":"https:\/\/api.w.org\/{rel}","templated":true}]}}