{"id":209581,"date":"2025-09-11T15:09:12","date_gmt":"2025-09-11T15:09:12","guid":{"rendered":"https:\/\/www.cdta.dz\/?p=209581"},"modified":"2025-09-14T13:49:41","modified_gmt":"2025-09-14T13:49:41","slug":"linstallation-de-nouveaux-responsables-au-sein-du-centre-de-developpement-des-technologies-avancees-cdta","status":"publish","type":"post","link":"https:\/\/www.cdta.dz\/en\/linstallation-de-nouveaux-responsables-au-sein-du-centre-de-developpement-des-technologies-avancees-cdta\/","title":{"rendered":"L&#8217;installation de nouveaux responsables au sein du Centre de D\u00e9veloppement des Technologies Avanc\u00e9es (CDTA)"},"content":{"rendered":"<p><strong>Ce jeudi\u00a011 septembre 2025,\u00a0<\/strong>le Directeur du centre, <strong>Dr. Mohammed TRAICHE<\/strong> a proc\u00e9d\u00e9 \u00e0 l\u2019installation des nouveaux Directeurs de Divisions, lors d\u2019une c\u00e9r\u00e9monie d\u2019installation organis\u00e9e en pr\u00e9sence du Directeur Adjoint, du secr\u00e9taire G\u00e9n\u00e9ral, des Directeurs des divisions de Recherche, des responsables des Plateformes Technologiques et des chefs des D\u00e9partements du Centre.<\/p>\n<p>Il s\u2019agit du <strong>Dr.\u00a0Ahmed KOUIDER\u00a0<\/strong>qui remplace le<strong>\u00a0Dr. Mehdi GAHAM <\/strong>\u00e0 la t\u00eate de la Division Robotique et Productique et du <strong>Dr. Salim HASSANI <\/strong>qui succ\u00e8de au <strong>Dr.<\/strong>\u00a0<strong>El Hachemi AMARA\u00a0<\/strong>\u00e0 la t\u00eate de la Division Milieux Ionis\u00e9s et Lasers<strong>.\u00a0<\/strong><\/p>\n<p>Le Directeur du CDTA a souhait\u00e9 la r\u00e9ussite aux nouveaux responsables et a pr\u00e9sent\u00e9, \u00e0 cette occasion, ses vifs remerciements aux anciens Directeurs de Division pour leurs efforts fournis ainsi que leurs engagements durant l\u2019exercice de leurs responsabilit\u00e9s \u00e0 la t\u00eate des Divisions.<\/p>\n","protected":false},"excerpt":{"rendered":"<p>Ce jeudi\u00a011 septembre 2025,\u00a0le Directeur du centre, Dr. Mohammed TRAICHE a proc\u00e9d\u00e9 \u00e0 l\u2019installation des nouveaux Directeurs de Divisions, lors d\u2019une c\u00e9r\u00e9monie d\u2019installation organis\u00e9e en pr\u00e9sence du Directeur Adjoint, du secr\u00e9taire G\u00e9n\u00e9ral, des Directeurs des divisions de Recherche, des responsables des Plateformes Technologiques et des chefs des D\u00e9partements du Centre. Il s\u2019agit du Dr.\u00a0Ahmed KOUIDER\u00a0qui [&hellip;]<\/p>\n","protected":false},"author":48,"featured_media":0,"comment_status":"closed","ping_status":"closed","sticky":false,"template":"","format":"gallery","meta":{"footnotes":""},"categories":[1],"tags":[],"class_list":["post-209581","post","type-post","status-publish","format-gallery","hentry","category-non-classe","post_format-post-format-gallery"],"_links":{"self":[{"href":"https:\/\/www.cdta.dz\/en\/wp-json\/wp\/v2\/posts\/209581\/"}],"collection":[{"href":"https:\/\/www.cdta.dz\/en\/wp-json\/wp\/v2\/posts\/"}],"about":[{"href":"https:\/\/www.cdta.dz\/en\/wp-json\/wp\/v2\/types\/post\/"}],"author":[{"embeddable":true,"href":"https:\/\/www.cdta.dz\/en\/wp-json\/wp\/v2\/users\/48\/"}],"replies":[{"embeddable":true,"href":"https:\/\/www.cdta.dz\/en\/wp-json\/wp\/v2\/comments\/?post=209581"}],"version-history":[{"count":3,"href":"https:\/\/www.cdta.dz\/en\/wp-json\/wp\/v2\/posts\/209581\/revisions\/"}],"predecessor-version":[{"id":209627,"href":"https:\/\/www.cdta.dz\/en\/wp-json\/wp\/v2\/posts\/209581\/revisions\/209627\/"}],"wp:attachment":[{"href":"https:\/\/www.cdta.dz\/en\/wp-json\/wp\/v2\/media\/?parent=209581"}],"wp:term":[{"taxonomy":"category","embeddable":true,"href":"https:\/\/www.cdta.dz\/en\/wp-json\/wp\/v2\/categories\/?post=209581"},{"taxonomy":"post_tag","embeddable":true,"href":"https:\/\/www.cdta.dz\/en\/wp-json\/wp\/v2\/tags\/?post=209581"}],"curies":[{"name":"wp","href":"https:\/\/api.w.org\/{rel}","templated":true}]}}