{"id":210932,"date":"2026-04-30T08:14:43","date_gmt":"2026-04-30T08:14:43","guid":{"rendered":"https:\/\/www.cdta.dz\/?p=210932"},"modified":"2026-04-30T08:14:43","modified_gmt":"2026-04-30T08:14:43","slug":"journee-internationale-des-travailleurs-1er-mai-2","status":"publish","type":"post","link":"https:\/\/www.cdta.dz\/en\/journee-internationale-des-travailleurs-1er-mai-2\/","title":{"rendered":"Journ\u00e9e Internationale des Travailleurs, 1er mai"},"content":{"rendered":"<p>\u00c0 l\u2019occasion du 1er mai, f\u00eate internationale des travailleurs, je tiens \u00e0 adresser \u00e0 chacune et chacun d\u2019entre vous mes v\u0153ux les plus sinc\u00e8res de sant\u00e9, de r\u00e9ussite et d\u2019\u00e9panouissement.<\/p>\n<p>Cette journ\u00e9e est l\u2019occasion de reconna\u00eetre l\u2019engagement, le professionnalisme et les efforts quotidiens que vous d\u00e9ployez au service du CDTA. Votre contribution est essentielle \u00e0 nos r\u00e9alisations collectives et \u00e0 notre progression.<\/p>\n<p>Je vous remercie pour votre implication constante et votre esprit d\u2019\u00e9quipe, qui font notre force et notre fiert\u00e9. Puissions-nous continuer \u00e0 avancer ensemble, dans un climat de confiance, de respect et d\u2019ambition partag\u00e9e.<\/p>\n<p>Bonne f\u00eate du travail \u00e0 toutes et \u00e0 tous.<\/p>\n<p style=\"text-align: right;\"><strong>Dr. Mohammed TRAICHE\u00a0 \u00a0 \u00a0 \u00a0 \u00a0 \u00a0 \u00a0 \u00a0<\/strong><\/p>\n<p style=\"text-align: right;\"><strong>Directeur du CDTA\u00a0 \u00a0 \u00a0 \u00a0 \u00a0 \u00a0 \u00a0 \u00a0 \u00a0 \u00a0\u00a0<\/strong><\/p>\n<p>&nbsp;<\/p>\n<p>&nbsp;<\/p>\n","protected":false},"excerpt":{"rendered":"<p>\u00c0 l\u2019occasion du 1er mai, f\u00eate internationale des travailleurs, je tiens \u00e0 adresser \u00e0 chacune et chacun d\u2019entre vous mes v\u0153ux les plus sinc\u00e8res de sant\u00e9, de r\u00e9ussite et d\u2019\u00e9panouissement. Cette journ\u00e9e est l\u2019occasion de reconna\u00eetre l\u2019engagement, le professionnalisme et les efforts quotidiens que vous d\u00e9ployez au service du CDTA. Votre contribution est essentielle \u00e0 [&hellip;]<\/p>\n","protected":false},"author":75,"featured_media":0,"comment_status":"closed","ping_status":"closed","sticky":false,"template":"","format":"standard","meta":{"footnotes":""},"categories":[],"tags":[],"class_list":["post-210932","post","type-post","status-publish","format-standard","hentry"],"_links":{"self":[{"href":"https:\/\/www.cdta.dz\/en\/wp-json\/wp\/v2\/posts\/210932\/"}],"collection":[{"href":"https:\/\/www.cdta.dz\/en\/wp-json\/wp\/v2\/posts\/"}],"about":[{"href":"https:\/\/www.cdta.dz\/en\/wp-json\/wp\/v2\/types\/post\/"}],"author":[{"embeddable":true,"href":"https:\/\/www.cdta.dz\/en\/wp-json\/wp\/v2\/users\/75\/"}],"replies":[{"embeddable":true,"href":"https:\/\/www.cdta.dz\/en\/wp-json\/wp\/v2\/comments\/?post=210932"}],"version-history":[{"count":1,"href":"https:\/\/www.cdta.dz\/en\/wp-json\/wp\/v2\/posts\/210932\/revisions\/"}],"predecessor-version":[{"id":210935,"href":"https:\/\/www.cdta.dz\/en\/wp-json\/wp\/v2\/posts\/210932\/revisions\/210935\/"}],"wp:attachment":[{"href":"https:\/\/www.cdta.dz\/en\/wp-json\/wp\/v2\/media\/?parent=210932"}],"wp:term":[{"taxonomy":"category","embeddable":true,"href":"https:\/\/www.cdta.dz\/en\/wp-json\/wp\/v2\/categories\/?post=210932"},{"taxonomy":"post_tag","embeddable":true,"href":"https:\/\/www.cdta.dz\/en\/wp-json\/wp\/v2\/tags\/?post=210932"}],"curies":[{"name":"wp","href":"https:\/\/api.w.org\/{rel}","templated":true}]}}