{"id":112368,"date":"2021-12-08T14:28:11","date_gmt":"2021-12-08T14:28:11","guid":{"rendered":"https:\/\/www.cdta.dz\/?p=112368"},"modified":"2021-12-09T10:03:08","modified_gmt":"2021-12-09T10:03:08","slug":"salon-national-de-linnovation-dans-sa-onzieme-edition","status":"publish","type":"post","link":"https:\/\/www.cdta.dz\/fr\/salon-national-de-linnovation-dans-sa-onzieme-edition\/","title":{"rendered":"Salon National de l&rsquo;Innovation dans sa onzi\u00e8me \u00e9dition"},"content":{"rendered":"<h4><strong>Les activit\u00e9s du Salon National de l&rsquo;Innovation dans sa onzi\u00e8me \u00e9dition ont d\u00e9but\u00e9 ce mardi 7 d\u00e9cembre 2021 \u00e0 l&rsquo;Universit\u00e9 Mohamed Boudiaf de M&rsquo;sila ; Le forum a r\u00e9uni les autorit\u00e9s civiles et militaires, ainsi qu&rsquo;un repr\u00e9sentant du minist\u00e8re de l&rsquo;Industrie.<\/strong><\/h4>\n<h4><strong>Ce salon a pour objectif de sensibiliser dans le domaine de la protection des droits de propri\u00e9t\u00e9 industrielle ; En plus de mettre les inventeurs et les innovateurs en contact direct avec les industriels et d&rsquo;accro\u00eetre la synergie entre la recherche scientifique et le monde \u00e9conomique.<\/strong><\/h4>\n<h4><strong>Le Centre de d\u00e9veloppement des technologies avanc\u00e9es y a particip\u00e9 en exposant deux plateformes M\u00e9caniques\u00a0: la plateforme de prototypage technologique et la plateforme de projection thermique.<\/strong><\/h4>\n<h4><strong>Pour la deuxi\u00e8me journ\u00e9e cons\u00e9cutive, le Centre de D\u00e9veloppement des Technologies Avanc\u00e9es poursuit sa participation au Salon National de l&rsquo;Innovation ; Le repr\u00e9sentant du Minist\u00e8re de l&rsquo;Industrie, ainsi que le Directeur de l&rsquo;Institut National Alg\u00e9rien de la Propri\u00e9t\u00e9 Industrielle ont visit\u00e9 le stand du centre.<\/strong><\/h4>\n<h4><strong>Des explications ont \u00e9t\u00e9 donn\u00e9es sur la plateforme de projection thermique, ainsi que sur l&rsquo;impression m\u00e9canique.<\/strong><\/h4>\n<h4><strong>Enfin, tous les visiteurs ont remerci\u00e9 le centre en g\u00e9n\u00e9ral et les exposants en particulier.<\/strong><\/h4>\n","protected":false},"excerpt":{"rendered":"<p>Les activit\u00e9s du Salon National de l&rsquo;Innovation dans sa onzi\u00e8me \u00e9dition ont d\u00e9but\u00e9 ce mardi 7 d\u00e9cembre 2021 \u00e0 l&rsquo;Universit\u00e9 Mohamed Boudiaf de M&rsquo;sila ; Le forum a r\u00e9uni les autorit\u00e9s civiles et militaires, ainsi qu&rsquo;un repr\u00e9sentant du minist\u00e8re de l&rsquo;Industrie. Ce salon a pour objectif de sensibiliser dans le domaine de la protection des [&hellip;]<\/p>\n","protected":false},"author":46,"featured_media":0,"comment_status":"closed","ping_status":"open","sticky":false,"template":"","format":"gallery","meta":{"footnotes":""},"categories":[1],"tags":[],"class_list":["post-112368","post","type-post","status-publish","format-gallery","hentry","category-non-classe","post_format-post-format-gallery"],"_links":{"self":[{"href":"https:\/\/www.cdta.dz\/fr\/wp-json\/wp\/v2\/posts\/112368\/"}],"collection":[{"href":"https:\/\/www.cdta.dz\/fr\/wp-json\/wp\/v2\/posts\/"}],"about":[{"href":"https:\/\/www.cdta.dz\/fr\/wp-json\/wp\/v2\/types\/post\/"}],"author":[{"embeddable":true,"href":"https:\/\/www.cdta.dz\/fr\/wp-json\/wp\/v2\/users\/46\/"}],"replies":[{"embeddable":true,"href":"https:\/\/www.cdta.dz\/fr\/wp-json\/wp\/v2\/comments\/?post=112368"}],"version-history":[{"count":3,"href":"https:\/\/www.cdta.dz\/fr\/wp-json\/wp\/v2\/posts\/112368\/revisions\/"}],"predecessor-version":[{"id":112406,"href":"https:\/\/www.cdta.dz\/fr\/wp-json\/wp\/v2\/posts\/112368\/revisions\/112406\/"}],"wp:attachment":[{"href":"https:\/\/www.cdta.dz\/fr\/wp-json\/wp\/v2\/media\/?parent=112368"}],"wp:term":[{"taxonomy":"category","embeddable":true,"href":"https:\/\/www.cdta.dz\/fr\/wp-json\/wp\/v2\/categories\/?post=112368"},{"taxonomy":"post_tag","embeddable":true,"href":"https:\/\/www.cdta.dz\/fr\/wp-json\/wp\/v2\/tags\/?post=112368"}],"curies":[{"name":"wp","href":"https:\/\/api.w.org\/{rel}","templated":true}]}}