{"id":11845,"date":"2019-11-05T15:29:24","date_gmt":"2019-11-05T15:29:24","guid":{"rendered":"http:\/\/10.1.5.53\/?p=11845"},"modified":"2019-11-10T09:44:08","modified_gmt":"2019-11-10T09:44:08","slug":"journee-scientifique-et-technique-sur-lamelioration-du-dispositif-de-prevention-et-de-lutte-contre-les-feux-de-forets","status":"publish","type":"post","link":"https:\/\/www.cdta.dz\/fr\/journee-scientifique-et-technique-sur-lamelioration-du-dispositif-de-prevention-et-de-lutte-contre-les-feux-de-forets\/","title":{"rendered":"Journ\u00e9e scientifique et technique sur l\u2019am\u00e9lioration du dispositif de pr\u00e9vention et de lutte contre les feux de for\u00eats"},"content":{"rendered":"<p><strong>Pr\u00e9sentation du projet innovant \u2018\u2019lutte contre les feux de for\u00eats\u2019 LIDAR mobile<\/strong><\/p>\n<p><strong>Journ\u00e9e scientifique et technique sur l\u2019am\u00e9lioration du dispositif de pr\u00e9vention et de lutte contre les feux de for\u00eats<\/strong><\/p>\n<p><strong>5 novembre 2019<\/strong><\/p>\n<p>&nbsp;<\/p>\n<p>Une journ\u00e9e scientifique et technique sur l\u2019am\u00e9lioration du dispositif de pr\u00e9vention et de lutte contre les feux de for\u00eat s\u2019est\u00a0 tenue le 5 novembre 2019\u00a0 au si\u00e8ge de l&rsquo;Institut National de la Recherche Foresti\u00e8re (INRF) en pr\u00e9sence de son excellence le Ministre de l\u2019Agriculture, du D\u00e9veloppement Rural et de la P\u00eache.<\/p>\n<p>En marge de cette journ\u00e9e, une pr\u00e9sentation du\u00a0 projet innovant \u00ablutte contre les feux de for\u00eats\u00bb&#x1f333; lidar\u00a0 mobile du CDTA a \u00e9t\u00e9 anim\u00e9e par le chef du projet, le\u00a0 Dr. Mohamed TRAICHE,\u00a0 suivie d&rsquo;une signature d\u2019un accord-cadre entre le CDTA, repr\u00e9sent\u00e9 par son directeur, le Pr. Ghouti MERAD\u00a0 et l\u2019INRF, repr\u00e9sent\u00e9 par son Directeur, Monsieur, Ouahid ZANNDOUCHE..<\/p>\n<p>L\u2019accord entre les deux parties a pour objectif\u00a0 la r\u00e9alisation d\u2019actions conjointes et concert\u00e9es destin\u00e9es \u00e0 promouvoir les activit\u00e9s suivantes :<\/p>\n<ul>\n<li>Les \u00e9tudes ;<\/li>\n<li>L\u2019\u00e9change d\u2019informations scientifiques et techniques li\u00e9es aux applications des technologies dans la recherche foresti\u00e8re\u00a0;<\/li>\n<li>Les travaux de recherche scientifique et de d\u00e9veloppement technologique r\u00e9pondant aux probl\u00e9matiques sp\u00e9cifiques du domaine forestier.<\/li>\n<\/ul>\n","protected":false},"excerpt":{"rendered":"<p>Pr\u00e9sentation du projet innovant \u2018\u2019lutte contre les feux de for\u00eats\u2019 LIDAR mobile Journ\u00e9e scientifique et technique sur l\u2019am\u00e9lioration du dispositif de pr\u00e9vention et de lutte contre les feux de for\u00eats 5 novembre 2019 &nbsp; Une journ\u00e9e scientifique et technique sur l\u2019am\u00e9lioration du dispositif de pr\u00e9vention et de lutte contre les feux de for\u00eat s\u2019est\u00a0 tenue [&hellip;]<\/p>\n","protected":false},"author":46,"featured_media":12115,"comment_status":"closed","ping_status":"closed","sticky":false,"template":"","format":"gallery","meta":{"footnotes":""},"categories":[159,150],"tags":[699,693,698],"class_list":["post-11845","post","type-post","status-publish","format-gallery","has-post-thumbnail","hentry","category-conventions","category-evenements","tag-cdta-fr","tag-inrf","tag-lidar-fr","post_format-post-format-gallery"],"_links":{"self":[{"href":"https:\/\/www.cdta.dz\/fr\/wp-json\/wp\/v2\/posts\/11845\/"}],"collection":[{"href":"https:\/\/www.cdta.dz\/fr\/wp-json\/wp\/v2\/posts\/"}],"about":[{"href":"https:\/\/www.cdta.dz\/fr\/wp-json\/wp\/v2\/types\/post\/"}],"author":[{"embeddable":true,"href":"https:\/\/www.cdta.dz\/fr\/wp-json\/wp\/v2\/users\/46\/"}],"replies":[{"embeddable":true,"href":"https:\/\/www.cdta.dz\/fr\/wp-json\/wp\/v2\/comments\/?post=11845"}],"version-history":[{"count":0,"href":"https:\/\/www.cdta.dz\/fr\/wp-json\/wp\/v2\/posts\/11845\/revisions\/"}],"wp:featuredmedia":[{"embeddable":true,"href":"https:\/\/www.cdta.dz\/fr\/wp-json\/wp\/v2\/media\/12115\/"}],"wp:attachment":[{"href":"https:\/\/www.cdta.dz\/fr\/wp-json\/wp\/v2\/media\/?parent=11845"}],"wp:term":[{"taxonomy":"category","embeddable":true,"href":"https:\/\/www.cdta.dz\/fr\/wp-json\/wp\/v2\/categories\/?post=11845"},{"taxonomy":"post_tag","embeddable":true,"href":"https:\/\/www.cdta.dz\/fr\/wp-json\/wp\/v2\/tags\/?post=11845"}],"curies":[{"name":"wp","href":"https:\/\/api.w.org\/{rel}","templated":true}]}}