{"id":136131,"date":"2022-07-31T12:22:25","date_gmt":"2022-07-31T12:22:25","guid":{"rendered":"https:\/\/www.cdta.dz\/?p=136131"},"modified":"2022-07-31T14:55:12","modified_gmt":"2022-07-31T14:55:12","slug":"commemoriel-du-defunt-professeur-ghouti-nedjm-eddine-merad","status":"publish","type":"post","link":"https:\/\/www.cdta.dz\/fr\/commemoriel-du-defunt-professeur-ghouti-nedjm-eddine-merad\/","title":{"rendered":"Comm\u00e9moriel du d\u00e9funt Professeur Ghouti Nedjm-Eddine MERAD"},"content":{"rendered":"<p>Une ann\u00e9e s\u2019est \u00e9coul\u00e9e depuis la disparition du Professeur Ghouti Nedjm-Eddine MERAD, ex-Directeur du CDTA.<\/p>\n<p>Un comm\u00e9moriel du d\u00e9funt a \u00e9t\u00e9 organis\u00e9, \u00a0le 31 juillet 2022 \u00e0 la salle des conf\u00e9rences, baptis\u00e9e, \u00e0 l\u2019occasion, \u00a0en son nom<\/p>\n<p>En pr\u00e9sence des personnalit\u00e9s l\u2019ayant c\u00f4toy\u00e9 et ayant travaill\u00e9 avec lui, cet \u00e9v\u00e8nement est organis\u00e9 pour comm\u00e9morer son souvenir et lui rendre un vibrant hommage pour tous les efforts qu\u2019il n\u2019a cess\u00e9 de consentir pour l\u2019inter\u00eat de l\u2019\u00e9ducation et de la science en Alg\u00e9rie particuli\u00e8rement depuis sa position de Directeur du CDTA.<\/p>\n<p>D\u2019\u00e9mouvants t\u00e9moignages ont \u00e9t\u00e9 \u00e9mis par les plus proches louant les m\u00e9rites du d\u00e9funt et des mots de reconnaissance ont \u00e9t\u00e9 \u00e9crits sur le livre d\u2019or, \u00a0offert \u00e0 l\u2019occasion \u00e0 ses enfants.<\/p>\n","protected":false},"excerpt":{"rendered":"<p>Une ann\u00e9e s\u2019est \u00e9coul\u00e9e depuis la disparition du Professeur Ghouti Nedjm-Eddine MERAD, ex-Directeur du CDTA. Un comm\u00e9moriel du d\u00e9funt a \u00e9t\u00e9 organis\u00e9, \u00a0le 31 juillet 2022 \u00e0 la salle des conf\u00e9rences, baptis\u00e9e, \u00e0 l\u2019occasion, \u00a0en son nom En pr\u00e9sence des personnalit\u00e9s l\u2019ayant c\u00f4toy\u00e9 et ayant travaill\u00e9 avec lui, cet \u00e9v\u00e8nement est organis\u00e9 pour comm\u00e9morer son [&hellip;]<\/p>\n","protected":false},"author":76,"featured_media":0,"comment_status":"closed","ping_status":"open","sticky":false,"template":"","format":"gallery","meta":{"footnotes":""},"categories":[1],"tags":[],"class_list":["post-136131","post","type-post","status-publish","format-gallery","hentry","category-non-classe","post_format-post-format-gallery"],"_links":{"self":[{"href":"https:\/\/www.cdta.dz\/fr\/wp-json\/wp\/v2\/posts\/136131\/"}],"collection":[{"href":"https:\/\/www.cdta.dz\/fr\/wp-json\/wp\/v2\/posts\/"}],"about":[{"href":"https:\/\/www.cdta.dz\/fr\/wp-json\/wp\/v2\/types\/post\/"}],"author":[{"embeddable":true,"href":"https:\/\/www.cdta.dz\/fr\/wp-json\/wp\/v2\/users\/76\/"}],"replies":[{"embeddable":true,"href":"https:\/\/www.cdta.dz\/fr\/wp-json\/wp\/v2\/comments\/?post=136131"}],"version-history":[{"count":1,"href":"https:\/\/www.cdta.dz\/fr\/wp-json\/wp\/v2\/posts\/136131\/revisions\/"}],"predecessor-version":[{"id":136138,"href":"https:\/\/www.cdta.dz\/fr\/wp-json\/wp\/v2\/posts\/136131\/revisions\/136138\/"}],"wp:attachment":[{"href":"https:\/\/www.cdta.dz\/fr\/wp-json\/wp\/v2\/media\/?parent=136131"}],"wp:term":[{"taxonomy":"category","embeddable":true,"href":"https:\/\/www.cdta.dz\/fr\/wp-json\/wp\/v2\/categories\/?post=136131"},{"taxonomy":"post_tag","embeddable":true,"href":"https:\/\/www.cdta.dz\/fr\/wp-json\/wp\/v2\/tags\/?post=136131"}],"curies":[{"name":"wp","href":"https:\/\/api.w.org\/{rel}","templated":true}]}}