{"id":136983,"date":"2022-10-20T10:00:17","date_gmt":"2022-10-20T10:00:17","guid":{"rendered":"https:\/\/www.cdta.dz\/?p=136983"},"modified":"2022-10-20T10:00:17","modified_gmt":"2022-10-20T10:00:17","slug":"le-ministre-turc-de-lenseignement-superieur-en-visite-au-cdta","status":"publish","type":"post","link":"https:\/\/www.cdta.dz\/fr\/le-ministre-turc-de-lenseignement-superieur-en-visite-au-cdta\/","title":{"rendered":"LE MINISTRE TURC DE l\u2019ENSEIGNEMENT SUPERIEUR EN VISITE AU CDTA"},"content":{"rendered":"<p>Ce mercredi 19 octobre 2022, le Directeur du CDTA, ainsi que son staff dirigeant ont accueilli une importante d\u00e9l\u00e9gation turque, avec \u00e0 sa t\u00eate, son excellence Monsieur le Ministre turque de l&rsquo;enseignement Sup\u00e9rieur, accompagn\u00e9 de Mme l\u2019Ambassadrice de la Turquie \u00e0 Alger et de plusieurs Recteurs d\u2019universit\u00e9s turques.<\/p>\n<p>La d\u00e9l\u00e9gation \u00e9tait accompagn\u00e9e de hauts responsables du Minist\u00e8re de l&rsquo;Enseignement Sup\u00e9rieur et de la Recherche Scientifique et de la Direction G\u00e9n\u00e9rale de la Recherche Scientifique et du D\u00e9veloppement Technologique.<\/p>\n<p>Cette visite s&rsquo;inscrit dans le cadre de la coop\u00e9ration scientifique entre les deux pays.<\/p>\n<p>Apr\u00e8s un accueil convivial, le Directeur du CDTA, Dr. Mohammed TRAICHE, a fait une pr\u00e9sentation sur le Centre, suivie d&rsquo;une visite guid\u00e9e aux plateformes technologiques et aux Divisions de recherche. Une pr\u00e9sentation sur la politique incitative du secteur en mati\u00e8re d\u2019encouragement \u00e0 la cr\u00e9ation de start-ups bas\u00e9es sur la connaissance et les technologies<\/p>\n<p>a \u00e9galement \u00e9t\u00e9 pr\u00e9sent\u00e9e par un haut cadre du MESRS, avant de tenir une r\u00e9union ponctu\u00e9e d\u2019\u00e9changes entre les responsables turques et alg\u00e9riens sur les opportunit\u00e9s de coop\u00e9ration et les m\u00e9canismes y aff\u00e9rents.<\/p>\n<p>Au terme de la visite, des actes d\u2019hospitalit\u00e9 habituels ont \u00e9t\u00e9 observ\u00e9s en l\u2019honneur des visiteurs.<\/p>\n","protected":false},"excerpt":{"rendered":"<p>Ce mercredi 19 octobre 2022, le Directeur du CDTA, ainsi que son staff dirigeant ont accueilli une importante d\u00e9l\u00e9gation turque, avec \u00e0 sa t\u00eate, son excellence Monsieur le Ministre turque de l&rsquo;enseignement Sup\u00e9rieur, accompagn\u00e9 de Mme l\u2019Ambassadrice de la Turquie \u00e0 Alger et de plusieurs Recteurs d\u2019universit\u00e9s turques. La d\u00e9l\u00e9gation \u00e9tait accompagn\u00e9e de hauts responsables [&hellip;]<\/p>\n","protected":false},"author":75,"featured_media":0,"comment_status":"closed","ping_status":"open","sticky":false,"template":"","format":"gallery","meta":{"footnotes":""},"categories":[1],"tags":[],"class_list":["post-136983","post","type-post","status-publish","format-gallery","hentry","category-non-classe","post_format-post-format-gallery"],"_links":{"self":[{"href":"https:\/\/www.cdta.dz\/fr\/wp-json\/wp\/v2\/posts\/136983\/"}],"collection":[{"href":"https:\/\/www.cdta.dz\/fr\/wp-json\/wp\/v2\/posts\/"}],"about":[{"href":"https:\/\/www.cdta.dz\/fr\/wp-json\/wp\/v2\/types\/post\/"}],"author":[{"embeddable":true,"href":"https:\/\/www.cdta.dz\/fr\/wp-json\/wp\/v2\/users\/75\/"}],"replies":[{"embeddable":true,"href":"https:\/\/www.cdta.dz\/fr\/wp-json\/wp\/v2\/comments\/?post=136983"}],"version-history":[{"count":1,"href":"https:\/\/www.cdta.dz\/fr\/wp-json\/wp\/v2\/posts\/136983\/revisions\/"}],"predecessor-version":[{"id":136984,"href":"https:\/\/www.cdta.dz\/fr\/wp-json\/wp\/v2\/posts\/136983\/revisions\/136984\/"}],"wp:attachment":[{"href":"https:\/\/www.cdta.dz\/fr\/wp-json\/wp\/v2\/media\/?parent=136983"}],"wp:term":[{"taxonomy":"category","embeddable":true,"href":"https:\/\/www.cdta.dz\/fr\/wp-json\/wp\/v2\/categories\/?post=136983"},{"taxonomy":"post_tag","embeddable":true,"href":"https:\/\/www.cdta.dz\/fr\/wp-json\/wp\/v2\/tags\/?post=136983"}],"curies":[{"name":"wp","href":"https:\/\/api.w.org\/{rel}","templated":true}]}}