{"id":14331,"date":"2020-03-09T09:14:35","date_gmt":"2020-03-09T09:14:35","guid":{"rendered":"http:\/\/10.1.5.53\/?p=14331"},"modified":"2020-03-09T14:13:13","modified_gmt":"2020-03-09T14:13:13","slug":"le-cdta-celebre-la-journee-internationale-de-la-femme","status":"publish","type":"post","link":"https:\/\/www.cdta.dz\/fr\/le-cdta-celebre-la-journee-internationale-de-la-femme\/","title":{"rendered":"Le CDTA c\u00e9l\u00e8bre la Journ\u00e9e Internationale de la Femme"},"content":{"rendered":"<p>La\u00a0 Direction du centre a tenu \u00e0 c\u00e9l\u00e9brer la journ\u00e9e Internationale de la Femme, en organisant une c\u00e9r\u00e9monie conviviale.<\/p>\n<p>Cette journ\u00e9e a \u00e9t\u00e9 une tr\u00e8s bonne occasion pour rendre hommage \u00e0 toutes les femmes travailleuses du CDTA, leur\u00a0 pr\u00e9senter les meilleurs v\u0153ux et les remercier pour leurs efforts d\u00e9ploy\u00e9s et leur d\u00e9vouement au service du CDTA.<\/p>\n<p>Quelques femmes, ayant pass\u00e9 de longues ann\u00e9es au centre\u00a0 ont \u00e9t\u00e9 distingu\u00e9es et honor\u00e9es durant la c\u00e9r\u00e9monie. Le Directeur leur a attest\u00e9 sa pleine et enti\u00e8re reconnaissance pour avoir consacr\u00e9 leur carri\u00e8re service de la recherche &amp; d\u00e9veloppement.<\/p>\n","protected":false},"excerpt":{"rendered":"<p>La\u00a0 Direction du centre a tenu \u00e0 c\u00e9l\u00e9brer la journ\u00e9e Internationale de la Femme, en organisant une c\u00e9r\u00e9monie conviviale. Cette journ\u00e9e a \u00e9t\u00e9 une tr\u00e8s bonne occasion pour rendre hommage \u00e0 toutes les femmes travailleuses du CDTA, leur\u00a0 pr\u00e9senter les meilleurs v\u0153ux et les remercier pour leurs efforts d\u00e9ploy\u00e9s et leur d\u00e9vouement au service du [&hellip;]<\/p>\n","protected":false},"author":46,"featured_media":14386,"comment_status":"open","ping_status":"open","sticky":false,"template":"","format":"gallery","meta":{"footnotes":""},"categories":[150],"tags":[787,699,788,786,789],"class_list":["post-14331","post","type-post","status-publish","format-gallery","has-post-thumbnail","hentry","category-evenements","tag-8-mars-2020","tag-cdta-fr","tag-femme","tag-journee-internationale-de-la-femme","tag-travailleuses","post_format-post-format-gallery"],"_links":{"self":[{"href":"https:\/\/www.cdta.dz\/fr\/wp-json\/wp\/v2\/posts\/14331\/"}],"collection":[{"href":"https:\/\/www.cdta.dz\/fr\/wp-json\/wp\/v2\/posts\/"}],"about":[{"href":"https:\/\/www.cdta.dz\/fr\/wp-json\/wp\/v2\/types\/post\/"}],"author":[{"embeddable":true,"href":"https:\/\/www.cdta.dz\/fr\/wp-json\/wp\/v2\/users\/46\/"}],"replies":[{"embeddable":true,"href":"https:\/\/www.cdta.dz\/fr\/wp-json\/wp\/v2\/comments\/?post=14331"}],"version-history":[{"count":3,"href":"https:\/\/www.cdta.dz\/fr\/wp-json\/wp\/v2\/posts\/14331\/revisions\/"}],"predecessor-version":[{"id":14390,"href":"https:\/\/www.cdta.dz\/fr\/wp-json\/wp\/v2\/posts\/14331\/revisions\/14390\/"}],"wp:featuredmedia":[{"embeddable":true,"href":"https:\/\/www.cdta.dz\/fr\/wp-json\/wp\/v2\/media\/14386\/"}],"wp:attachment":[{"href":"https:\/\/www.cdta.dz\/fr\/wp-json\/wp\/v2\/media\/?parent=14331"}],"wp:term":[{"taxonomy":"category","embeddable":true,"href":"https:\/\/www.cdta.dz\/fr\/wp-json\/wp\/v2\/categories\/?post=14331"},{"taxonomy":"post_tag","embeddable":true,"href":"https:\/\/www.cdta.dz\/fr\/wp-json\/wp\/v2\/tags\/?post=14331"}],"curies":[{"name":"wp","href":"https:\/\/api.w.org\/{rel}","templated":true}]}}