{"id":162099,"date":"2023-01-05T13:44:37","date_gmt":"2023-01-05T13:44:37","guid":{"rendered":"https:\/\/www.cdta.dz\/?p=162099"},"modified":"2023-01-05T13:44:37","modified_gmt":"2023-01-05T13:44:37","slug":"tenue-du-conseil-dadministration-du-cdta-le-05-janvier-2023","status":"publish","type":"post","link":"https:\/\/www.cdta.dz\/fr\/tenue-du-conseil-dadministration-du-cdta-le-05-janvier-2023\/","title":{"rendered":"Tenue du Conseil d\u2019Administration du CDTA, le 05 janvier 2023"},"content":{"rendered":"<p>Le 05 janvier 2023, s\u2019est tenue, au si\u00e8ge du Centre de D\u00e9veloppement des Technologies Avanc\u00e9es, une session ordinaire du Conseil d\u2019Administration du CDTA, apr\u00e8s que celle pr\u00e9vue le 29 d\u00e9cembre 2022 ait connu une carence.<\/p>\n<p>Avant l\u2019ouverture de la session, une c\u00e9r\u00e9monie a \u00e9t\u00e9 organis\u00e9e en l\u2019honneur du <strong>Professeur Tahar SAHRAOUI<\/strong>, l\u2019ancien pr\u00e9sident du Conseil d\u2019Administration, en pr\u00e9sence du Directeur du CDTA, des membres du CA et du staff dirigeant.<\/p>\n<p><strong>Dr. Mohammed TRAICHE<\/strong>, Directeur du CDTA ainsi que les personnes pr\u00e9sentes ont rendu un vibrant hommage au Professeur SAHRAOUI et l\u2019ont remerci\u00e9 pour ses efforts d\u00e9ploy\u00e9s tout au long des six ann\u00e9es \u00e0 la t\u00eate du CA.\u00a0 Ils ont \u00e9galement souhait\u00e9 la bienvenue \u00e0 la nouvelle pr\u00e9sidente, <strong>Professeur Soumia KOUADRI MOSETFAI<\/strong> et lui ont exprim\u00e9 leurs v\u0153ux de r\u00e9ussite pour sa nouvelle mission.<\/p>\n","protected":false},"excerpt":{"rendered":"<p>Le 05 janvier 2023, s\u2019est tenue, au si\u00e8ge du Centre de D\u00e9veloppement des Technologies Avanc\u00e9es, une session ordinaire du Conseil d\u2019Administration du CDTA, apr\u00e8s que celle pr\u00e9vue le 29 d\u00e9cembre 2022 ait connu une carence. Avant l\u2019ouverture de la session, une c\u00e9r\u00e9monie a \u00e9t\u00e9 organis\u00e9e en l\u2019honneur du Professeur Tahar SAHRAOUI, l\u2019ancien pr\u00e9sident du Conseil [&hellip;]<\/p>\n","protected":false},"author":48,"featured_media":0,"comment_status":"closed","ping_status":"open","sticky":false,"template":"","format":"gallery","meta":{"footnotes":""},"categories":[1],"tags":[],"class_list":["post-162099","post","type-post","status-publish","format-gallery","hentry","category-non-classe","post_format-post-format-gallery"],"_links":{"self":[{"href":"https:\/\/www.cdta.dz\/fr\/wp-json\/wp\/v2\/posts\/162099\/"}],"collection":[{"href":"https:\/\/www.cdta.dz\/fr\/wp-json\/wp\/v2\/posts\/"}],"about":[{"href":"https:\/\/www.cdta.dz\/fr\/wp-json\/wp\/v2\/types\/post\/"}],"author":[{"embeddable":true,"href":"https:\/\/www.cdta.dz\/fr\/wp-json\/wp\/v2\/users\/48\/"}],"replies":[{"embeddable":true,"href":"https:\/\/www.cdta.dz\/fr\/wp-json\/wp\/v2\/comments\/?post=162099"}],"version-history":[{"count":1,"href":"https:\/\/www.cdta.dz\/fr\/wp-json\/wp\/v2\/posts\/162099\/revisions\/"}],"predecessor-version":[{"id":162145,"href":"https:\/\/www.cdta.dz\/fr\/wp-json\/wp\/v2\/posts\/162099\/revisions\/162145\/"}],"wp:attachment":[{"href":"https:\/\/www.cdta.dz\/fr\/wp-json\/wp\/v2\/media\/?parent=162099"}],"wp:term":[{"taxonomy":"category","embeddable":true,"href":"https:\/\/www.cdta.dz\/fr\/wp-json\/wp\/v2\/categories\/?post=162099"},{"taxonomy":"post_tag","embeddable":true,"href":"https:\/\/www.cdta.dz\/fr\/wp-json\/wp\/v2\/tags\/?post=162099"}],"curies":[{"name":"wp","href":"https:\/\/api.w.org\/{rel}","templated":true}]}}