{"id":168146,"date":"2023-04-13T14:15:56","date_gmt":"2023-04-13T14:15:56","guid":{"rendered":"https:\/\/www.cdta.dz\/?p=168146"},"modified":"2023-04-20T08:17:48","modified_gmt":"2023-04-20T08:17:48","slug":"celebration-de-la-journee-yaoum-el-ilm-2","status":"publish","type":"post","link":"https:\/\/www.cdta.dz\/fr\/celebration-de-la-journee-yaoum-el-ilm-2\/","title":{"rendered":"C\u00e9l\u00e9bration de la journ\u00e9e Yaoum el-Ilm"},"content":{"rendered":"<p>&nbsp;<\/p>\n<p>Le <strong>Minist\u00e8re de l\u2019Enseignement Sup\u00e9rieur et de la Recherche Scientifique<\/strong> c\u00e9l\u00e8bre la journ\u00e9e <strong>\u00a0\u00bb<\/strong><strong> Yaoum el-Ilm\u2019\u2019 sous<\/strong> le th\u00e8me \u2018\u2019\u00a0<strong>l\u2019Intelligence Artificielle<\/strong>\u2019\u2019.<\/p>\n<p>Le samedi 15 avril 2023 au <strong>CDTA<\/strong>, conjointement avec\u00a0:<\/p>\n<ul>\n<li>le Minist\u00e8re de l\u2019Education Nationale.<\/li>\n<li>le Minist\u00e8re de la Solidarit\u00e9 Nationale.<\/li>\n<li>le Minist\u00e8re de l\u2019Economie de la connaissance et des Startups.<\/li>\n<\/ul>\n<p>Cette journ\u00e9e est annonciatrice du lancement officiel de\u00a0:<\/p>\n<p>\u2018\u2019 <strong>La semaine de l\u2019Intelligence Artificielle<\/strong><strong>\u2019\u2019<\/strong><\/p>\n<p>&nbsp;<\/p>\n<p><span style=\"color: #0000ff;\"><a style=\"color: #0000ff;\" href=\"https:\/\/www.cdta.dz\/wp-content\/uploads\/2023\/04\/Lancement-Yaoum-el-Ilm13-04-2023.......Telecharger-1.pdf\">Lancement Yaoum el Ilm13 04 2023&#8230;&#8230;.T\u00e9l\u00e9charger<\/a><\/span><\/p>\n","protected":false},"excerpt":{"rendered":"<p>&nbsp; Le Minist\u00e8re de l\u2019Enseignement Sup\u00e9rieur et de la Recherche Scientifique c\u00e9l\u00e8bre la journ\u00e9e \u00a0\u00bb Yaoum el-Ilm\u2019\u2019 sous le th\u00e8me \u2018\u2019\u00a0l\u2019Intelligence Artificielle\u2019\u2019. Le samedi 15 avril 2023 au CDTA, conjointement avec\u00a0: le Minist\u00e8re de l\u2019Education Nationale. le Minist\u00e8re de la Solidarit\u00e9 Nationale. le Minist\u00e8re de l\u2019Economie de la connaissance et des Startups. Cette journ\u00e9e est [&hellip;]<\/p>\n","protected":false},"author":75,"featured_media":0,"comment_status":"closed","ping_status":"open","sticky":false,"template":"","format":"gallery","meta":{"footnotes":""},"categories":[1],"tags":[],"class_list":["post-168146","post","type-post","status-publish","format-gallery","hentry","category-non-classe","post_format-post-format-gallery"],"_links":{"self":[{"href":"https:\/\/www.cdta.dz\/fr\/wp-json\/wp\/v2\/posts\/168146\/"}],"collection":[{"href":"https:\/\/www.cdta.dz\/fr\/wp-json\/wp\/v2\/posts\/"}],"about":[{"href":"https:\/\/www.cdta.dz\/fr\/wp-json\/wp\/v2\/types\/post\/"}],"author":[{"embeddable":true,"href":"https:\/\/www.cdta.dz\/fr\/wp-json\/wp\/v2\/users\/75\/"}],"replies":[{"embeddable":true,"href":"https:\/\/www.cdta.dz\/fr\/wp-json\/wp\/v2\/comments\/?post=168146"}],"version-history":[{"count":3,"href":"https:\/\/www.cdta.dz\/fr\/wp-json\/wp\/v2\/posts\/168146\/revisions\/"}],"predecessor-version":[{"id":168514,"href":"https:\/\/www.cdta.dz\/fr\/wp-json\/wp\/v2\/posts\/168146\/revisions\/168514\/"}],"wp:attachment":[{"href":"https:\/\/www.cdta.dz\/fr\/wp-json\/wp\/v2\/media\/?parent=168146"}],"wp:term":[{"taxonomy":"category","embeddable":true,"href":"https:\/\/www.cdta.dz\/fr\/wp-json\/wp\/v2\/categories\/?post=168146"},{"taxonomy":"post_tag","embeddable":true,"href":"https:\/\/www.cdta.dz\/fr\/wp-json\/wp\/v2\/tags\/?post=168146"}],"curies":[{"name":"wp","href":"https:\/\/api.w.org\/{rel}","templated":true}]}}