{"id":169365,"date":"2023-07-04T14:20:39","date_gmt":"2023-07-04T14:20:39","guid":{"rendered":"https:\/\/www.cdta.dz\/?p=169365"},"modified":"2023-07-04T14:20:39","modified_gmt":"2023-07-04T14:20:39","slug":"commemoration-du-61eme-anniversaire-de-lindependance-de-lalgerie-5-juillet","status":"publish","type":"post","link":"https:\/\/www.cdta.dz\/fr\/commemoration-du-61eme-anniversaire-de-lindependance-de-lalgerie-5-juillet\/","title":{"rendered":"Comm\u00e9moration du 61\u00e8me anniversaire de l\u2019Ind\u00e9pendance de l\u2019Alg\u00e9rie 5 juillet"},"content":{"rendered":"<p><img loading=\"lazy\" decoding=\"async\" class=\"wp-image-169368 aligncenter\" src=\"https:\/\/www.cdta.dz\/wp-content\/uploads\/2023\/07\/5-juillet-300x143.jpg\" alt=\"\" width=\"701\" height=\"334\" srcset=\"https:\/\/www.cdta.dz\/wp-content\/uploads\/2023\/07\/5-juillet-300x143.jpg 300w, https:\/\/www.cdta.dz\/wp-content\/uploads\/2023\/07\/5-juillet.jpg 630w\" sizes=\"auto, (max-width: 701px) 100vw, 701px\" \/><\/p>\n<p>&nbsp;<\/p>\n<p>C\u2019est avec une immense fiert\u00e9 que je pr\u00e9sente mes meilleurs v\u0153ux \u00e0 tout le peuple alg\u00e9rien, particuli\u00e8rement au personnel du CDTA, \u00e0 l\u2019occasion de la c\u00e9l\u00e9bration de la f\u00eate de l\u2019Ind\u00e9pendance et de la Jeunesse.<\/p>\n<p>Je profite \u00e9galement de cette heureuse occasion, pour m\u2019incliner devant la m\u00e9moire de nos valeureux martyrs qui ont pay\u00e9 de leurs vies le lourd tribut pour reconqu\u00e9rir cette terre ancestrale sur laquelle flottera \u00e0 jamais l\u2019embl\u00e8me national. Ce sont l\u00e0 des sacrifices qui ne sont pas vains, et qui aujourd\u2019hui doivent nous inciter \u00e0 travailler davantage afin de perp\u00e9tuer cet h\u00e9ritage et de le pr\u00e9server.<\/p>\n<p>C\u2019est dans cette perspective d\u2019ailleurs que j\u2019appelle, encore une fois, l\u2019ensemble du personnel du CDTA, \u00e0 se mobiliser pour donner le meilleur d\u2019eux-m\u00eames dans une d\u00e9marche qui place l\u2019innovation et la performance au c\u0153ur de notre engagement.<\/p>\n<p>Gloire \u00e0 nos valeureux Martyrs.<\/p>\n<p>Que vive l\u2019Alg\u00e9rie libre et ind\u00e9pendante.<\/p>\n<p>&nbsp;<\/p>\n<p><strong>Le Directeur du CDTA<\/strong><\/p>\n","protected":false},"excerpt":{"rendered":"<p>&nbsp; C\u2019est avec une immense fiert\u00e9 que je pr\u00e9sente mes meilleurs v\u0153ux \u00e0 tout le peuple alg\u00e9rien, particuli\u00e8rement au personnel du CDTA, \u00e0 l\u2019occasion de la c\u00e9l\u00e9bration de la f\u00eate de l\u2019Ind\u00e9pendance et de la Jeunesse. Je profite \u00e9galement de cette heureuse occasion, pour m\u2019incliner devant la m\u00e9moire de nos valeureux martyrs qui ont pay\u00e9 [&hellip;]<\/p>\n","protected":false},"author":75,"featured_media":0,"comment_status":"closed","ping_status":"open","sticky":false,"template":"","format":"standard","meta":{"footnotes":""},"categories":[1],"tags":[],"class_list":["post-169365","post","type-post","status-publish","format-standard","hentry","category-non-classe"],"_links":{"self":[{"href":"https:\/\/www.cdta.dz\/fr\/wp-json\/wp\/v2\/posts\/169365\/"}],"collection":[{"href":"https:\/\/www.cdta.dz\/fr\/wp-json\/wp\/v2\/posts\/"}],"about":[{"href":"https:\/\/www.cdta.dz\/fr\/wp-json\/wp\/v2\/types\/post\/"}],"author":[{"embeddable":true,"href":"https:\/\/www.cdta.dz\/fr\/wp-json\/wp\/v2\/users\/75\/"}],"replies":[{"embeddable":true,"href":"https:\/\/www.cdta.dz\/fr\/wp-json\/wp\/v2\/comments\/?post=169365"}],"version-history":[{"count":2,"href":"https:\/\/www.cdta.dz\/fr\/wp-json\/wp\/v2\/posts\/169365\/revisions\/"}],"predecessor-version":[{"id":169388,"href":"https:\/\/www.cdta.dz\/fr\/wp-json\/wp\/v2\/posts\/169365\/revisions\/169388\/"}],"wp:attachment":[{"href":"https:\/\/www.cdta.dz\/fr\/wp-json\/wp\/v2\/media\/?parent=169365"}],"wp:term":[{"taxonomy":"category","embeddable":true,"href":"https:\/\/www.cdta.dz\/fr\/wp-json\/wp\/v2\/categories\/?post=169365"},{"taxonomy":"post_tag","embeddable":true,"href":"https:\/\/www.cdta.dz\/fr\/wp-json\/wp\/v2\/tags\/?post=169365"}],"curies":[{"name":"wp","href":"https:\/\/api.w.org\/{rel}","templated":true}]}}