{"id":193740,"date":"2023-12-13T15:02:27","date_gmt":"2023-12-13T15:02:27","guid":{"rendered":"https:\/\/www.cdta.dz\/?p=193740"},"modified":"2023-12-13T15:02:27","modified_gmt":"2023-12-13T15:02:27","slug":"signature-dune-convention-cadre-de-cooperation","status":"publish","type":"post","link":"https:\/\/www.cdta.dz\/fr\/signature-dune-convention-cadre-de-cooperation\/","title":{"rendered":"Signature d\u2019une convention cadre de coop\u00e9ration"},"content":{"rendered":"<p>Une journ\u00e9e particuli\u00e8re est organis\u00e9e ce jour, le 13 d\u00e9cembre 2023 au si\u00e8ge du CDTA. Il s\u2019agit de la signature d\u2019une convention cadre de coop\u00e9ration entre le Centre de D\u00e9veloppement des Technologies Avanc\u00e9es (CDTA) et le Laboratoire National d\u2019Essais (LNE).<\/p>\n<p>Cet \u00e9v\u00e9nement fait suite \u00e0 plusieurs rencontres fructueuses de travail.<\/p>\n<p>A l\u2019occasion, le CDTA re\u00e7oit une d\u00e9l\u00e9gation men\u00e9e par un haut Responsable du Minist\u00e8re du Commerce et de la Promotion des Exportations, accompagn\u00e9 de la Directrice G\u00e9n\u00e9rale du LNE et \u00a0son staff.<\/p>\n<p>Cet \u00e9v\u00e9nement a eu lieu \u00e0 la salle de conf\u00e9rences du CDTA, en pr\u00e9sence :<\/p>\n<p>Du Directeur du CDTA et de son staff scientifique, administratif et technique\u00a0;<\/p>\n<p>D\u2019un Responsable du Minist\u00e8re du Commerce\u00a0;<\/p>\n<p>De la Directrice G\u00e9n\u00e9rale du LNE et de son staff\u00a0;<\/p>\n<p>La journ\u00e9e a \u00e9t\u00e9 ponctu\u00e9e par des pr\u00e9sentations du LNE et la projection d\u2019une vid\u00e9o de sensibilisation sur les risques li\u00e9s au monoxyde de carbone et les moyens de lutter contre pr\u00e9vus par la normalisation et la r\u00e9glemention en vigueur.<\/p>\n<p>La journ\u00e9e a \u00e9t\u00e9 cl\u00f4tur\u00e9e par la signature d\u2019une convention cadre de coop\u00e9ration entre les deux \u00e9tablissements.<\/p>\n<p>&nbsp;<\/p>\n","protected":false},"excerpt":{"rendered":"<p>Une journ\u00e9e particuli\u00e8re est organis\u00e9e ce jour, le 13 d\u00e9cembre 2023 au si\u00e8ge du CDTA. Il s\u2019agit de la signature d\u2019une convention cadre de coop\u00e9ration entre le Centre de D\u00e9veloppement des Technologies Avanc\u00e9es (CDTA) et le Laboratoire National d\u2019Essais (LNE). Cet \u00e9v\u00e9nement fait suite \u00e0 plusieurs rencontres fructueuses de travail. A l\u2019occasion, le CDTA re\u00e7oit [&hellip;]<\/p>\n","protected":false},"author":48,"featured_media":0,"comment_status":"closed","ping_status":"closed","sticky":false,"template":"","format":"gallery","meta":{"footnotes":""},"categories":[1],"tags":[],"class_list":["post-193740","post","type-post","status-publish","format-gallery","hentry","category-non-classe","post_format-post-format-gallery"],"_links":{"self":[{"href":"https:\/\/www.cdta.dz\/fr\/wp-json\/wp\/v2\/posts\/193740\/"}],"collection":[{"href":"https:\/\/www.cdta.dz\/fr\/wp-json\/wp\/v2\/posts\/"}],"about":[{"href":"https:\/\/www.cdta.dz\/fr\/wp-json\/wp\/v2\/types\/post\/"}],"author":[{"embeddable":true,"href":"https:\/\/www.cdta.dz\/fr\/wp-json\/wp\/v2\/users\/48\/"}],"replies":[{"embeddable":true,"href":"https:\/\/www.cdta.dz\/fr\/wp-json\/wp\/v2\/comments\/?post=193740"}],"version-history":[{"count":1,"href":"https:\/\/www.cdta.dz\/fr\/wp-json\/wp\/v2\/posts\/193740\/revisions\/"}],"predecessor-version":[{"id":193741,"href":"https:\/\/www.cdta.dz\/fr\/wp-json\/wp\/v2\/posts\/193740\/revisions\/193741\/"}],"wp:attachment":[{"href":"https:\/\/www.cdta.dz\/fr\/wp-json\/wp\/v2\/media\/?parent=193740"}],"wp:term":[{"taxonomy":"category","embeddable":true,"href":"https:\/\/www.cdta.dz\/fr\/wp-json\/wp\/v2\/categories\/?post=193740"},{"taxonomy":"post_tag","embeddable":true,"href":"https:\/\/www.cdta.dz\/fr\/wp-json\/wp\/v2\/tags\/?post=193740"}],"curies":[{"name":"wp","href":"https:\/\/api.w.org\/{rel}","templated":true}]}}