{"id":193893,"date":"2023-12-18T13:40:29","date_gmt":"2023-12-18T13:40:29","guid":{"rendered":"https:\/\/www.cdta.dz\/?p=193893"},"modified":"2023-12-19T07:56:27","modified_gmt":"2023-12-19T07:56:27","slug":"journee-dinformation-sur-la-propriete-industrielle-et-la-valorisation-economique-des-resultats-de-recherche","status":"publish","type":"post","link":"https:\/\/www.cdta.dz\/fr\/journee-dinformation-sur-la-propriete-industrielle-et-la-valorisation-economique-des-resultats-de-recherche\/","title":{"rendered":"Journ\u00e9e d&rsquo;Information sur la Propri\u00e9t\u00e9 Industrielle et la Valorisation Economique des R\u00e9sultats de Recherche"},"content":{"rendered":"<p>Une journ\u00e9e d&rsquo;information sur la propri\u00e9t\u00e9 industrielle et la valorisation \u00e9conomique des r\u00e9sultats de recherche est organis\u00e9e, ce jour, 18 d\u00e9cembre 2023, au CDTA.<\/p>\n<p>Cet \u00e9v\u00e9nement a lieu en pr\u00e9sence de Monsieur le Directeur G\u00e9n\u00e9ral de l&rsquo;Institut National Alg\u00e9rien de la propri\u00e9t\u00e9 Industrielle (INAPI) accompagn\u00e9 de son staff, ainsi que d\u2019une responsable du Centre de Recherche en Sciences Pharmaceutiques (CRSP), re\u00e7us par le Directeur du CDTA.<\/p>\n<p>Des pr\u00e9sentations et des ateliers sont programm\u00e9s tout au long de la journ\u00e9e, ayant trait \u00e0 la propri\u00e9t\u00e9 industrielle, brevets &#8230;, en pr\u00e9sence d&rsquo;un grand nombre de chercheurs et de responsables techniques du Centre, tr\u00e8s int\u00e9ress\u00e9s par les th\u00e8mes abord\u00e9s.<\/p>\n<p>Les d\u00e9bats et les \u00e9changes ont \u00e9t\u00e9 couronn\u00e9s par la signature, entre le CDTA et l\u2019INAPI, d&rsquo;une convention pourtant \u00ab\u00a0cr\u00e9ation d&rsquo;un Centre d&rsquo;appui \u00e0 la Technologie et \u00e0 l&rsquo;innovation (CATI) au\u00a0 sein du CDTA.<\/p>\n","protected":false},"excerpt":{"rendered":"<p>Une journ\u00e9e d&rsquo;information sur la propri\u00e9t\u00e9 industrielle et la valorisation \u00e9conomique des r\u00e9sultats de recherche est organis\u00e9e, ce jour, 18 d\u00e9cembre 2023, au CDTA. Cet \u00e9v\u00e9nement a lieu en pr\u00e9sence de Monsieur le Directeur G\u00e9n\u00e9ral de l&rsquo;Institut National Alg\u00e9rien de la propri\u00e9t\u00e9 Industrielle (INAPI) accompagn\u00e9 de son staff, ainsi que d\u2019une responsable du Centre de [&hellip;]<\/p>\n","protected":false},"author":75,"featured_media":0,"comment_status":"closed","ping_status":"closed","sticky":false,"template":"","format":"gallery","meta":{"footnotes":""},"categories":[1],"tags":[],"class_list":["post-193893","post","type-post","status-publish","format-gallery","hentry","category-non-classe","post_format-post-format-gallery"],"_links":{"self":[{"href":"https:\/\/www.cdta.dz\/fr\/wp-json\/wp\/v2\/posts\/193893\/"}],"collection":[{"href":"https:\/\/www.cdta.dz\/fr\/wp-json\/wp\/v2\/posts\/"}],"about":[{"href":"https:\/\/www.cdta.dz\/fr\/wp-json\/wp\/v2\/types\/post\/"}],"author":[{"embeddable":true,"href":"https:\/\/www.cdta.dz\/fr\/wp-json\/wp\/v2\/users\/75\/"}],"replies":[{"embeddable":true,"href":"https:\/\/www.cdta.dz\/fr\/wp-json\/wp\/v2\/comments\/?post=193893"}],"version-history":[{"count":1,"href":"https:\/\/www.cdta.dz\/fr\/wp-json\/wp\/v2\/posts\/193893\/revisions\/"}],"predecessor-version":[{"id":193898,"href":"https:\/\/www.cdta.dz\/fr\/wp-json\/wp\/v2\/posts\/193893\/revisions\/193898\/"}],"wp:attachment":[{"href":"https:\/\/www.cdta.dz\/fr\/wp-json\/wp\/v2\/media\/?parent=193893"}],"wp:term":[{"taxonomy":"category","embeddable":true,"href":"https:\/\/www.cdta.dz\/fr\/wp-json\/wp\/v2\/categories\/?post=193893"},{"taxonomy":"post_tag","embeddable":true,"href":"https:\/\/www.cdta.dz\/fr\/wp-json\/wp\/v2\/tags\/?post=193893"}],"curies":[{"name":"wp","href":"https:\/\/api.w.org\/{rel}","templated":true}]}}