{"id":200864,"date":"2024-10-31T09:37:29","date_gmt":"2024-10-31T09:37:29","guid":{"rendered":"https:\/\/www.cdta.dz\/?p=200864"},"modified":"2024-10-31T12:35:51","modified_gmt":"2024-10-31T12:35:51","slug":"commemoration-du-70ieme-anniversaire-du-declenchement-de-la-guerre-de-liberation-nationale-1er-novembre-1954","status":"publish","type":"post","link":"https:\/\/www.cdta.dz\/fr\/commemoration-du-70ieme-anniversaire-du-declenchement-de-la-guerre-de-liberation-nationale-1er-novembre-1954\/","title":{"rendered":"Comm\u00e9moration du 70i\u00e8me anniversaire du d\u00e9clenchement de la Guerre de Lib\u00e9ration Nationale  1er novembre 1954"},"content":{"rendered":"<p>\u00c0 l&rsquo;occasion de la comm\u00e9moration du 70<sup>i\u00e8me<\/sup> anniversaire du d\u00e9clenchement de la glorieuse Guerre de Lib\u00e9ration Nationale, le 1<sup>er<\/sup> novembre 1954, le Directeur du Centre, adresse ses meilleurs v\u0153ux \u00e0 l\u2019ensemble du personnel et se recueille, en cette date symbolique, \u00e0 la m\u00e9moire de nos glorieux martyrs, tomb\u00e9s pour notre cher pays, l\u2019Alg\u00e9rie.<\/p>\n<p>Cette date a marqu\u00e9 notre histoire et notre identit\u00e9 et symbolise le courage, la d\u00e9termination et le sacrifice de ceux qui ont lutt\u00e9 pour notre libert\u00e9.<\/p>\n<p>En cette journ\u00e9e de comm\u00e9moration, engageons-nous \u00e0 pr\u00e9server la m\u00e9moire de nos martyrs et \u00e0 \u0153uvrer pour un avenir o\u00f9 la libert\u00e9 et la dignit\u00e9 de chaque citoyen sont respect\u00e9es.<\/p>\n<p>A cette occasion, les travailleurs du centre ont observ\u00e9 une minute de silence pour comm\u00e9morer cette date et rendre hommage \u00e0 nos martyrs.<\/p>\n<p>Vive l&rsquo;Alg\u00e9rie<\/p>\n<p><strong>Le Directeur du CDTA<\/strong><\/p>\n<p><strong>Dr Mohammed TRA\u00cfCHE<\/strong><\/p>\n","protected":false},"excerpt":{"rendered":"<p>\u00c0 l&rsquo;occasion de la comm\u00e9moration du 70i\u00e8me anniversaire du d\u00e9clenchement de la glorieuse Guerre de Lib\u00e9ration Nationale, le 1er novembre 1954, le Directeur du Centre, adresse ses meilleurs v\u0153ux \u00e0 l\u2019ensemble du personnel et se recueille, en cette date symbolique, \u00e0 la m\u00e9moire de nos glorieux martyrs, tomb\u00e9s pour notre cher pays, l\u2019Alg\u00e9rie. Cette date [&hellip;]<\/p>\n","protected":false},"author":76,"featured_media":0,"comment_status":"closed","ping_status":"closed","sticky":false,"template":"","format":"gallery","meta":{"footnotes":""},"categories":[1],"tags":[],"class_list":["post-200864","post","type-post","status-publish","format-gallery","hentry","category-non-classe","post_format-post-format-gallery"],"_links":{"self":[{"href":"https:\/\/www.cdta.dz\/fr\/wp-json\/wp\/v2\/posts\/200864\/"}],"collection":[{"href":"https:\/\/www.cdta.dz\/fr\/wp-json\/wp\/v2\/posts\/"}],"about":[{"href":"https:\/\/www.cdta.dz\/fr\/wp-json\/wp\/v2\/types\/post\/"}],"author":[{"embeddable":true,"href":"https:\/\/www.cdta.dz\/fr\/wp-json\/wp\/v2\/users\/76\/"}],"replies":[{"embeddable":true,"href":"https:\/\/www.cdta.dz\/fr\/wp-json\/wp\/v2\/comments\/?post=200864"}],"version-history":[{"count":2,"href":"https:\/\/www.cdta.dz\/fr\/wp-json\/wp\/v2\/posts\/200864\/revisions\/"}],"predecessor-version":[{"id":200908,"href":"https:\/\/www.cdta.dz\/fr\/wp-json\/wp\/v2\/posts\/200864\/revisions\/200908\/"}],"wp:attachment":[{"href":"https:\/\/www.cdta.dz\/fr\/wp-json\/wp\/v2\/media\/?parent=200864"}],"wp:term":[{"taxonomy":"category","embeddable":true,"href":"https:\/\/www.cdta.dz\/fr\/wp-json\/wp\/v2\/categories\/?post=200864"},{"taxonomy":"post_tag","embeddable":true,"href":"https:\/\/www.cdta.dz\/fr\/wp-json\/wp\/v2\/tags\/?post=200864"}],"curies":[{"name":"wp","href":"https:\/\/api.w.org\/{rel}","templated":true}]}}