{"id":208889,"date":"2025-07-03T21:39:50","date_gmt":"2025-07-03T21:39:50","guid":{"rendered":"https:\/\/www.cdta.dz\/?p=208889"},"modified":"2025-07-03T21:39:50","modified_gmt":"2025-07-03T21:39:50","slug":"commemoration-du-63eme-anniversaire-de-lindependance-de-lalgerie-5-juillet","status":"publish","type":"post","link":"https:\/\/www.cdta.dz\/fr\/commemoration-du-63eme-anniversaire-de-lindependance-de-lalgerie-5-juillet\/","title":{"rendered":"Comm\u00e9moration du 63\u00e8me anniversaire de l\u2019Ind\u00e9pendance de l\u2019Alg\u00e9rie 5 juillet"},"content":{"rendered":"<p>\u00c0 l\u2019occasion de la f\u00eate de l\u2019Ind\u00e9pendance et de la Jeunesse, nous c\u00e9l\u00e9brons avec fiert\u00e9 le souvenir glorieux de l\u2019Ind\u00e9pendance de notre ch\u00e8re patrie, l\u2019Alg\u00e9rie. Cette date historique nous rappelle le courage, le sacrifice et la d\u00e9termination de celles et ceux qui ont lutt\u00e9 pour la libert\u00e9 et la souverainet\u00e9 de notre nation.<\/p>\n<p>Je tiens \u00e0 exprimer aussi, ma reconnaissance pour votre engagement constant et votre contribution au d\u00e9veloppement de notre Centre.<\/p>\n<p><strong>Vive l\u2019Alg\u00e9rie libre et ind\u00e9pendante,<\/strong><\/p>\n<p><strong>\u00a0<\/strong><\/p>\n<p style=\"text-align: right;\"><strong>Le Directeur du CDTA<\/strong><\/p>\n<p style=\"text-align: right;\"><strong>Dr. Mohammed TRAICHE.<\/strong><\/p>\n","protected":false},"excerpt":{"rendered":"<p>\u00c0 l\u2019occasion de la f\u00eate de l\u2019Ind\u00e9pendance et de la Jeunesse, nous c\u00e9l\u00e9brons avec fiert\u00e9 le souvenir glorieux de l\u2019Ind\u00e9pendance de notre ch\u00e8re patrie, l\u2019Alg\u00e9rie. Cette date historique nous rappelle le courage, le sacrifice et la d\u00e9termination de celles et ceux qui ont lutt\u00e9 pour la libert\u00e9 et la souverainet\u00e9 de notre nation. Je tiens [&hellip;]<\/p>\n","protected":false},"author":76,"featured_media":0,"comment_status":"closed","ping_status":"closed","sticky":false,"template":"","format":"gallery","meta":{"footnotes":""},"categories":[1],"tags":[],"class_list":["post-208889","post","type-post","status-publish","format-gallery","hentry","category-non-classe","post_format-post-format-gallery"],"_links":{"self":[{"href":"https:\/\/www.cdta.dz\/fr\/wp-json\/wp\/v2\/posts\/208889\/"}],"collection":[{"href":"https:\/\/www.cdta.dz\/fr\/wp-json\/wp\/v2\/posts\/"}],"about":[{"href":"https:\/\/www.cdta.dz\/fr\/wp-json\/wp\/v2\/types\/post\/"}],"author":[{"embeddable":true,"href":"https:\/\/www.cdta.dz\/fr\/wp-json\/wp\/v2\/users\/76\/"}],"replies":[{"embeddable":true,"href":"https:\/\/www.cdta.dz\/fr\/wp-json\/wp\/v2\/comments\/?post=208889"}],"version-history":[{"count":2,"href":"https:\/\/www.cdta.dz\/fr\/wp-json\/wp\/v2\/posts\/208889\/revisions\/"}],"predecessor-version":[{"id":208897,"href":"https:\/\/www.cdta.dz\/fr\/wp-json\/wp\/v2\/posts\/208889\/revisions\/208897\/"}],"wp:attachment":[{"href":"https:\/\/www.cdta.dz\/fr\/wp-json\/wp\/v2\/media\/?parent=208889"}],"wp:term":[{"taxonomy":"category","embeddable":true,"href":"https:\/\/www.cdta.dz\/fr\/wp-json\/wp\/v2\/categories\/?post=208889"},{"taxonomy":"post_tag","embeddable":true,"href":"https:\/\/www.cdta.dz\/fr\/wp-json\/wp\/v2\/tags\/?post=208889"}],"curies":[{"name":"wp","href":"https:\/\/api.w.org\/{rel}","templated":true}]}}