{"id":47776,"date":"2021-01-17T12:07:38","date_gmt":"2021-01-17T12:07:38","guid":{"rendered":"https:\/\/www.cdta.dz\/?p=47776"},"modified":"2021-01-17T12:07:38","modified_gmt":"2021-01-17T12:07:38","slug":"conference-nationale-des-etablissements-publics-a-caractere-scientifique-et-technologique","status":"publish","type":"post","link":"https:\/\/www.cdta.dz\/fr\/conference-nationale-des-etablissements-publics-a-caractere-scientifique-et-technologique\/","title":{"rendered":"Conf\u00e9rence Nationale des Etablissements Publics \u00e0 caract\u00e8re Scientifique et Technologique"},"content":{"rendered":"<p><strong>Le samedi 16 janvier 2021<\/strong><\/p>\n<p>Le professeur Ghouti MERAD, Directeur du Centre pour le D\u00e9veloppement des Technologies avanc\u00e9es, a particip\u00e9, samedi 16 janvier 2021, \u00e0 l&rsquo;inauguration des travaux \u00a0de la Conf\u00e9rence Nationale des Etablissements Publics \u00e0 caract\u00e8re Scientifique et Technologique.<\/p>\n<p>Le \u00a0ministre de l&rsquo;Enseignement Sup\u00e9rieur et de la Recherche Scientifique\u00a0 Abdelbaki BENZIANE, a proc\u00e9d\u00e9 \u00e0 l&rsquo;ouverture des travaux de la \u00a0Conf\u00e9rence, \u00e0 laquelle ont particip\u00e9, pour la premi\u00e8re fois, des instituts de recherche de divers secteurs. Pour les instituts de recherche de l&rsquo;Est et de l&rsquo;Ouest la conf\u00e9rence s\u2019est d\u00e9roul\u00e9e par visioconf\u00e9rence.<\/p>\n<p>L&rsquo;objectif de la tenue de cette session est de consolider le partenariat avec le secteur socio\u00e9conomique, en particulier dans le domaine de l&rsquo;\u00e9valuation des r\u00e9sultats de la recherche, de l&rsquo;innovation et du transfert technologique.<\/p>\n<p>Le programme de la conf\u00e9rence s\u2019est particuli\u00e8rement port\u00e9 sur la situation de la recherche scientifique et du d\u00e9veloppement technologique et ses perspectives d&rsquo;avenir, notamment en ce qui concerne les sciences appliqu\u00e9es et exp\u00e9rimentales, l&rsquo;\u00e9valuation de la recherche et son d\u00e9veloppement.<\/p>\n<p>Un d\u00e9bat s\u2019est tenu lors de cette conf\u00e9rence, qui a abouti \u00e0 des recommandations importantes.<\/p>\n<p>Appel \u00e0 la condidature<\/p>\n","protected":false},"excerpt":{"rendered":"<p>Le samedi 16 janvier 2021 Le professeur Ghouti MERAD, Directeur du Centre pour le D\u00e9veloppement des Technologies avanc\u00e9es, a particip\u00e9, samedi 16 janvier 2021, \u00e0 l&rsquo;inauguration des travaux \u00a0de la Conf\u00e9rence Nationale des Etablissements Publics \u00e0 caract\u00e8re Scientifique et Technologique. Le \u00a0ministre de l&rsquo;Enseignement Sup\u00e9rieur et de la Recherche Scientifique\u00a0 Abdelbaki BENZIANE, a proc\u00e9d\u00e9 \u00e0 [&hellip;]<\/p>\n","protected":false},"author":46,"featured_media":0,"comment_status":"open","ping_status":"open","sticky":false,"template":"","format":"gallery","meta":{"footnotes":""},"categories":[1],"tags":[],"class_list":["post-47776","post","type-post","status-publish","format-gallery","hentry","category-non-classe","post_format-post-format-gallery"],"_links":{"self":[{"href":"https:\/\/www.cdta.dz\/fr\/wp-json\/wp\/v2\/posts\/47776\/"}],"collection":[{"href":"https:\/\/www.cdta.dz\/fr\/wp-json\/wp\/v2\/posts\/"}],"about":[{"href":"https:\/\/www.cdta.dz\/fr\/wp-json\/wp\/v2\/types\/post\/"}],"author":[{"embeddable":true,"href":"https:\/\/www.cdta.dz\/fr\/wp-json\/wp\/v2\/users\/46\/"}],"replies":[{"embeddable":true,"href":"https:\/\/www.cdta.dz\/fr\/wp-json\/wp\/v2\/comments\/?post=47776"}],"version-history":[{"count":1,"href":"https:\/\/www.cdta.dz\/fr\/wp-json\/wp\/v2\/posts\/47776\/revisions\/"}],"predecessor-version":[{"id":47780,"href":"https:\/\/www.cdta.dz\/fr\/wp-json\/wp\/v2\/posts\/47776\/revisions\/47780\/"}],"wp:attachment":[{"href":"https:\/\/www.cdta.dz\/fr\/wp-json\/wp\/v2\/media\/?parent=47776"}],"wp:term":[{"taxonomy":"category","embeddable":true,"href":"https:\/\/www.cdta.dz\/fr\/wp-json\/wp\/v2\/categories\/?post=47776"},{"taxonomy":"post_tag","embeddable":true,"href":"https:\/\/www.cdta.dz\/fr\/wp-json\/wp\/v2\/tags\/?post=47776"}],"curies":[{"name":"wp","href":"https:\/\/api.w.org\/{rel}","templated":true}]}}