{"id":48858,"date":"2021-03-01T09:29:52","date_gmt":"2021-03-01T09:29:52","guid":{"rendered":"https:\/\/www.cdta.dz\/?p=48858"},"modified":"2021-03-04T08:27:58","modified_gmt":"2021-03-04T08:27:58","slug":"projets-a-courte-echeance-2","status":"publish","type":"post","link":"https:\/\/www.cdta.dz\/fr\/projets-a-courte-echeance-2\/","title":{"rendered":"PROJETS A COURTE ECHEANCE"},"content":{"rendered":"<h4><strong>Une c\u00e9r\u00e9monie de remise des contrats de projets \u00e0 courte \u00e9ch\u00e9ance- PCE, a \u00e9t\u00e9 organis\u00e9e le jeudi 25 f\u00e9vrier 2021 \u00e0 11h 30 au niveau de la salle de r\u00e9union de la Direction. L\u2019\u00e9v\u00e9nement s\u2019est d\u00e9roul\u00e9 en pr\u00e9sence du Directeur du centre qui a anim\u00e9 la s\u00e9ance, accompagn\u00e9 du Directeur Adjoint, \u00e9taient convi\u00e9s, les initiateurs des projets approuv\u00e9s par le Conseil de Direction du 27\/12\/2020 et retenus dans le cadre des efforts de contribution \u00e0 la lutte contre la pand\u00e9mie de la COVID-19 et \u00e0 l\u2019effort national sur le plan \u00e9conomique, ainsi que les Directeurs des Divisions et les responsables des D\u00e9partements.<\/strong><\/h4>\n<h4><strong>Les projets en question sont au nombre de deux\u00a0:<\/strong><\/h4>\n<h4><strong><span style=\"color: #0000ff;\">Projet1\u00a0:<\/span> \u00abDevelop multi-view joint AI and Virtual Reality tools for 3D (volume) COVID-19 shape segmentation, measurement, and prognosis\u00bb, les partenaires sont d\u2019une part, dans la division\u00a0T\u00e9l\u00e9com, l\u2019\u00e9quipe \u00a0Biom\u00e9trie, S\u00e9curit\u00e9 Multim\u00e9dia et Criminalistique (BIOSMC) et d\u2019autre part, dans la division Productique et Robotique, l\u2019\u00e9quipe\u00a0Interaction Homme-Syst\u00e8me &amp; R\u00e9alit\u00e9 Virtuelle\/Augment\u00e9e (IRVA). Le Chef de Projet\u00a0est M. Adel OULEFKI.<\/strong><\/h4>\n<h4><strong><span style=\"color: #0000ff;\">Projet 2\u00a0:<\/span> \u00ab\u00a0Evaluation de la Perm\u00e9abilit\u00e9 et de la Performance de Filtration des Masques de Protection\u00a0\u00bb, issu de la division Milieux Ionis\u00e9s et Lasers, de l\u2019\u00e9quipe Plasmas et Applications (PA). Le Chef de Projet\u00a0est M. Salim HASSANI.<\/strong><\/h4>\n<h4><strong>\u00a0<\/strong><\/h4>\n","protected":false},"excerpt":{"rendered":"<p>Une c\u00e9r\u00e9monie de remise des contrats de projets \u00e0 courte \u00e9ch\u00e9ance- PCE, a \u00e9t\u00e9 organis\u00e9e le jeudi 25 f\u00e9vrier 2021 \u00e0 11h 30 au niveau de la salle de r\u00e9union de la Direction. L\u2019\u00e9v\u00e9nement s\u2019est d\u00e9roul\u00e9 en pr\u00e9sence du Directeur du centre qui a anim\u00e9 la s\u00e9ance, accompagn\u00e9 du Directeur Adjoint, \u00e9taient convi\u00e9s, les initiateurs [&hellip;]<\/p>\n","protected":false},"author":46,"featured_media":0,"comment_status":"open","ping_status":"open","sticky":false,"template":"","format":"gallery","meta":{"footnotes":""},"categories":[1],"tags":[],"class_list":["post-48858","post","type-post","status-publish","format-gallery","hentry","category-non-classe","post_format-post-format-gallery"],"_links":{"self":[{"href":"https:\/\/www.cdta.dz\/fr\/wp-json\/wp\/v2\/posts\/48858\/"}],"collection":[{"href":"https:\/\/www.cdta.dz\/fr\/wp-json\/wp\/v2\/posts\/"}],"about":[{"href":"https:\/\/www.cdta.dz\/fr\/wp-json\/wp\/v2\/types\/post\/"}],"author":[{"embeddable":true,"href":"https:\/\/www.cdta.dz\/fr\/wp-json\/wp\/v2\/users\/46\/"}],"replies":[{"embeddable":true,"href":"https:\/\/www.cdta.dz\/fr\/wp-json\/wp\/v2\/comments\/?post=48858"}],"version-history":[{"count":3,"href":"https:\/\/www.cdta.dz\/fr\/wp-json\/wp\/v2\/posts\/48858\/revisions\/"}],"predecessor-version":[{"id":48877,"href":"https:\/\/www.cdta.dz\/fr\/wp-json\/wp\/v2\/posts\/48858\/revisions\/48877\/"}],"wp:attachment":[{"href":"https:\/\/www.cdta.dz\/fr\/wp-json\/wp\/v2\/media\/?parent=48858"}],"wp:term":[{"taxonomy":"category","embeddable":true,"href":"https:\/\/www.cdta.dz\/fr\/wp-json\/wp\/v2\/categories\/?post=48858"},{"taxonomy":"post_tag","embeddable":true,"href":"https:\/\/www.cdta.dz\/fr\/wp-json\/wp\/v2\/tags\/?post=48858"}],"curies":[{"name":"wp","href":"https:\/\/api.w.org\/{rel}","templated":true}]}}